{"id":1193,"date":"2017-05-09T14:15:39","date_gmt":"2017-05-09T14:15:39","guid":{"rendered":"https:\/\/avanzaevents.com\/?p=1193"},"modified":"2022-10-10T11:33:54","modified_gmt":"2022-10-10T09:33:54","slug":"asistimos-seafood-expo-global-2017-2","status":"publish","type":"post","link":"https:\/\/avanzaevents.com\/es\/asistimos-seafood-expo-global-2017-2\/","title":{"rendered":"La mejora econ\u00f3mica se refleja en el crecimiento de las ferias"},"content":{"rendered":"<p><!--:en--><\/p>\n<p><!--:--><!--:es-->Crece notablemente el n\u00famero de celebraciones de este tipo de eventos, que contribuyen a incentivar el consumo de todo tipo de sectores comerciales, permiten crear contactos entre compradores y vendedores, reflejar las novedades de la industria y dar a conocer los productos que ofrecen las empresas expositoras.<\/p>\n<p>El pasado mes tuvimos el placer de asistir a un evento clave para la industria de la pesca a nivel mundial, que cumple su edici\u00f3n numero 25. Seafood Expo Global, se ha celebrado los d\u00edas 25,26 y 27 de abril en el Parc de Expositions de Bruselas, donde han expuesto alrededor de 1800 empresas procedentes de m\u00e1s de 80 pa\u00edses.<\/p>\n<p>De los 30.000 metros cuadrados que ofrec\u00eda el Parc de Expositions, el Ministerio de Agricultura y Pesca espa\u00f1ol cont\u00f3 con 224 metros para la representaci\u00f3n de Espa\u00f1a como uno de los pa\u00edses principales exportadores de pescado y marisco a nivel mundial.<\/p>\n<p>La Organizaci\u00f3n de las Naciones Unidas para la Alimentaci\u00f3n y la Agricultura (FAO), indica recientemente que el consumo global del pescado y el marisco se ha duplicado desde los \u00faltimos 30 a\u00f1os.<\/p>\n<p>Queremos agradecer personalmente a las empresas <strong>Petaca Chico<\/strong> (C\u00e1diz) y <strong>Dagust\u00edn<\/strong> (Madrid), para los que realizamos nuestros trabajos de dise\u00f1o y montaje de stands.<\/p>\n<p>\u00a1Nos vemos en la pr\u00f3xima edici\u00f3n!<!--:--><\/p>\n","protected":false},"excerpt":{"rendered":"<p>Crece notablemente el n\u00famero de celebraciones de este tipo de eventos, que contribuyen a incentivar el consumo de todo tipo [&hellip;]<\/p>\n","protected":false},"author":11,"featured_media":1750,"comment_status":"open","ping_status":"open","sticky":false,"template":"","format":"standard","meta":{"_acf_changed":false,"site-sidebar-layout":"default","site-content-layout":"","ast-site-content-layout":"default","site-content-style":"default","site-sidebar-style":"default","ast-global-header-display":"","ast-banner-title-visibility":"","ast-main-header-display":"","ast-hfb-above-header-display":"","ast-hfb-below-header-display":"","ast-hfb-mobile-header-display":"","site-post-title":"","ast-breadcrumbs-content":"","ast-featured-img":"","footer-sml-layout":"","ast-disable-related-posts":"","theme-transparent-header-meta":"","adv-header-id-meta":"","stick-header-meta":"","header-above-stick-meta":"","header-main-stick-meta":"","header-below-stick-meta":"","astra-migrate-meta-layouts":"default","ast-page-background-enabled":"default","ast-page-background-meta":{"desktop":{"background-color":"var(--ast-global-color-5)","background-image":"","background-repeat":"repeat","background-position":"center center","background-size":"auto","background-attachment":"scroll","background-type":"","background-media":"","overlay-type":"","overlay-color":"","overlay-opacity":"","overlay-gradient":""},"tablet":{"background-color":"","background-image":"","background-repeat":"repeat","background-position":"center center","background-size":"auto","background-attachment":"scroll","background-type":"","background-media":"","overlay-type":"","overlay-color":"","overlay-opacity":"","overlay-gradient":""},"mobile":{"background-color":"","background-image":"","background-repeat":"repeat","background-position":"center center","background-size":"auto","background-attachment":"scroll","background-type":"","background-media":"","overlay-type":"","overlay-color":"","overlay-opacity":"","overlay-gradient":""}},"ast-content-background-meta":{"desktop":{"background-color":"var(--ast-global-color-4)","background-image":"","background-repeat":"repeat","background-position":"center center","background-size":"auto","background-attachment":"scroll","background-type":"","background-media":"","overlay-type":"","overlay-color":"","overlay-opacity":"","overlay-gradient":""},"tablet":{"background-color":"var(--ast-global-color-4)","background-image":"","background-repeat":"repeat","background-position":"center center","background-size":"auto","background-attachment":"scroll","background-type":"","background-media":"","overlay-type":"","overlay-color":"","overlay-opacity":"","overlay-gradient":""},"mobile":{"background-color":"var(--ast-global-color-4)","background-image":"","background-repeat":"repeat","background-position":"center center","background-size":"auto","background-attachment":"scroll","background-type":"","background-media":"","overlay-type":"","overlay-color":"","overlay-opacity":"","overlay-gradient":""}},"_joinchat":[],"footnotes":""},"categories":[7],"tags":[],"class_list":["post-1193","post","type-post","status-publish","format-standard","has-post-thumbnail","hentry","category-blog"],"acf":[],"yoast_head":"<!-- This site is optimized with the Yoast SEO plugin v27.4 - https:\/\/yoast.com\/product\/yoast-seo-wordpress\/ -->\n<title>La econom\u00eda se refleja en las ferias - Avanza Events<\/title>\n<meta name=\"description\" content=\"Crece el n\u00famero de celebraciones de este tipo de eventos, que contribuyen a incentivar el consumo de todo tipo de sectores comerciales.\" \/>\n<meta name=\"robots\" content=\"index, follow, max-snippet:-1, max-image-preview:large, max-video-preview:-1\" \/>\n<link rel=\"canonical\" href=\"https:\/\/avanzaevents.com\/es\/asistimos-seafood-expo-global-2017-2\/\" \/>\n<meta property=\"og:locale\" content=\"es_ES\" \/>\n<meta property=\"og:type\" content=\"article\" \/>\n<meta property=\"og:title\" content=\"La econom\u00eda se refleja en las ferias - Avanza Events\" \/>\n<meta property=\"og:description\" content=\"Crece el n\u00famero de celebraciones de este tipo de eventos, que contribuyen a incentivar el consumo de todo tipo de sectores comerciales.\" \/>\n<meta property=\"og:url\" content=\"https:\/\/avanzaevents.com\/es\/asistimos-seafood-expo-global-2017-2\/\" \/>\n<meta property=\"og:site_name\" content=\"Avanza Group\" \/>\n<meta property=\"article:published_time\" content=\"2017-05-09T14:15:39+00:00\" \/>\n<meta property=\"article:modified_time\" content=\"2022-10-10T09:33:54+00:00\" \/>\n<meta property=\"og:image\" content=\"https:\/\/avanzaevents.com\/wp-content\/uploads\/2020\/04\/1494338857seafood.jpg\" \/>\n\t<meta property=\"og:image:width\" content=\"1200\" \/>\n\t<meta property=\"og:image:height\" content=\"900\" \/>\n\t<meta property=\"og:image:type\" content=\"image\/jpeg\" \/>\n<meta name=\"author\" content=\"Trazada Desarrollo web\" \/>\n<meta name=\"twitter:card\" content=\"summary_large_image\" \/>\n<meta name=\"twitter:label1\" content=\"Escrito por\" \/>\n\t<meta name=\"twitter:data1\" content=\"Trazada Desarrollo web\" \/>\n\t<meta name=\"twitter:label2\" content=\"Tiempo de lectura\" \/>\n\t<meta name=\"twitter:data2\" content=\"1 minuto\" \/>\n<script type=\"application\/ld+json\" class=\"yoast-schema-graph\">{\"@context\":\"https:\\\/\\\/schema.org\",\"@graph\":[{\"@type\":\"Article\",\"@id\":\"https:\\\/\\\/avanzaevents.com\\\/es\\\/asistimos-seafood-expo-global-2017-2\\\/#article\",\"isPartOf\":{\"@id\":\"https:\\\/\\\/avanzaevents.com\\\/es\\\/asistimos-seafood-expo-global-2017-2\\\/\"},\"author\":{\"name\":\"Trazada Desarrollo web\",\"@id\":\"https:\\\/\\\/avanzaevents.com\\\/es\\\/#\\\/schema\\\/person\\\/ca422fcb83d7cf293b21036c273366b5\"},\"headline\":\"La mejora econ\u00f3mica se refleja en el crecimiento de las ferias\",\"datePublished\":\"2017-05-09T14:15:39+00:00\",\"dateModified\":\"2022-10-10T09:33:54+00:00\",\"mainEntityOfPage\":{\"@id\":\"https:\\\/\\\/avanzaevents.com\\\/es\\\/asistimos-seafood-expo-global-2017-2\\\/\"},\"wordCount\":232,\"commentCount\":0,\"publisher\":{\"@id\":\"https:\\\/\\\/avanzaevents.com\\\/es\\\/#organization\"},\"image\":{\"@id\":\"https:\\\/\\\/avanzaevents.com\\\/es\\\/asistimos-seafood-expo-global-2017-2\\\/#primaryimage\"},\"thumbnailUrl\":\"https:\\\/\\\/avanzaevents.com\\\/wp-content\\\/uploads\\\/2020\\\/04\\\/1494338857seafood.jpg\",\"articleSection\":[\"Blog\"],\"inLanguage\":\"es\",\"potentialAction\":[{\"@type\":\"CommentAction\",\"name\":\"Comment\",\"target\":[\"https:\\\/\\\/avanzaevents.com\\\/es\\\/asistimos-seafood-expo-global-2017-2\\\/#respond\"]}]},{\"@type\":\"WebPage\",\"@id\":\"https:\\\/\\\/avanzaevents.com\\\/es\\\/asistimos-seafood-expo-global-2017-2\\\/\",\"url\":\"https:\\\/\\\/avanzaevents.com\\\/es\\\/asistimos-seafood-expo-global-2017-2\\\/\",\"name\":\"La econom\u00eda se refleja en las ferias - Avanza Events\",\"isPartOf\":{\"@id\":\"https:\\\/\\\/avanzaevents.com\\\/es\\\/#website\"},\"primaryImageOfPage\":{\"@id\":\"https:\\\/\\\/avanzaevents.com\\\/es\\\/asistimos-seafood-expo-global-2017-2\\\/#primaryimage\"},\"image\":{\"@id\":\"https:\\\/\\\/avanzaevents.com\\\/es\\\/asistimos-seafood-expo-global-2017-2\\\/#primaryimage\"},\"thumbnailUrl\":\"https:\\\/\\\/avanzaevents.com\\\/wp-content\\\/uploads\\\/2020\\\/04\\\/1494338857seafood.jpg\",\"datePublished\":\"2017-05-09T14:15:39+00:00\",\"dateModified\":\"2022-10-10T09:33:54+00:00\",\"description\":\"Crece el n\u00famero de celebraciones de este tipo de eventos, que contribuyen a incentivar el consumo de todo tipo de sectores comerciales.\",\"breadcrumb\":{\"@id\":\"https:\\\/\\\/avanzaevents.com\\\/es\\\/asistimos-seafood-expo-global-2017-2\\\/#breadcrumb\"},\"inLanguage\":\"es\",\"potentialAction\":[{\"@type\":\"ReadAction\",\"target\":[\"https:\\\/\\\/avanzaevents.com\\\/es\\\/asistimos-seafood-expo-global-2017-2\\\/\"]}]},{\"@type\":\"ImageObject\",\"inLanguage\":\"es\",\"@id\":\"https:\\\/\\\/avanzaevents.com\\\/es\\\/asistimos-seafood-expo-global-2017-2\\\/#primaryimage\",\"url\":\"https:\\\/\\\/avanzaevents.com\\\/wp-content\\\/uploads\\\/2020\\\/04\\\/1494338857seafood.jpg\",\"contentUrl\":\"https:\\\/\\\/avanzaevents.com\\\/wp-content\\\/uploads\\\/2020\\\/04\\\/1494338857seafood.jpg\",\"width\":1200,\"height\":900},{\"@type\":\"BreadcrumbList\",\"@id\":\"https:\\\/\\\/avanzaevents.com\\\/es\\\/asistimos-seafood-expo-global-2017-2\\\/#breadcrumb\",\"itemListElement\":[{\"@type\":\"ListItem\",\"position\":1,\"name\":\"Portada\",\"item\":\"https:\\\/\\\/avanzaevents.com\\\/es\\\/\"},{\"@type\":\"ListItem\",\"position\":2,\"name\":\"La mejora econ\u00f3mica se refleja en el crecimiento de las ferias\"}]},{\"@type\":\"WebSite\",\"@id\":\"https:\\\/\\\/avanzaevents.com\\\/es\\\/#website\",\"url\":\"https:\\\/\\\/avanzaevents.com\\\/es\\\/\",\"name\":\"Avanza Group\",\"description\":\"Otro sitio realizado con WordPress\",\"publisher\":{\"@id\":\"https:\\\/\\\/avanzaevents.com\\\/es\\\/#organization\"},\"potentialAction\":[{\"@type\":\"SearchAction\",\"target\":{\"@type\":\"EntryPoint\",\"urlTemplate\":\"https:\\\/\\\/avanzaevents.com\\\/es\\\/?s={search_term_string}\"},\"query-input\":{\"@type\":\"PropertyValueSpecification\",\"valueRequired\":true,\"valueName\":\"search_term_string\"}}],\"inLanguage\":\"es\"},{\"@type\":\"Organization\",\"@id\":\"https:\\\/\\\/avanzaevents.com\\\/es\\\/#organization\",\"name\":\"Avanza group\",\"url\":\"https:\\\/\\\/avanzaevents.com\\\/es\\\/\",\"logo\":{\"@type\":\"ImageObject\",\"inLanguage\":\"es\",\"@id\":\"https:\\\/\\\/avanzaevents.com\\\/es\\\/#\\\/schema\\\/logo\\\/image\\\/\",\"url\":\"https:\\\/\\\/avanzaevents.com\\\/wp-content\\\/uploads\\\/2020\\\/02\\\/logo300px.png\",\"contentUrl\":\"https:\\\/\\\/avanzaevents.com\\\/wp-content\\\/uploads\\\/2020\\\/02\\\/logo300px.png\",\"width\":340,\"height\":125,\"caption\":\"Avanza group\"},\"image\":{\"@id\":\"https:\\\/\\\/avanzaevents.com\\\/es\\\/#\\\/schema\\\/logo\\\/image\\\/\"}},{\"@type\":\"Person\",\"@id\":\"https:\\\/\\\/avanzaevents.com\\\/es\\\/#\\\/schema\\\/person\\\/ca422fcb83d7cf293b21036c273366b5\",\"name\":\"Trazada Desarrollo web\",\"image\":{\"@type\":\"ImageObject\",\"inLanguage\":\"es\",\"@id\":\"https:\\\/\\\/secure.gravatar.com\\\/avatar\\\/d935574cdb9a07e324931665e188795d3fd82c2e32480fe40a908ad510b78011?s=96&d=mm&r=g\",\"url\":\"https:\\\/\\\/secure.gravatar.com\\\/avatar\\\/d935574cdb9a07e324931665e188795d3fd82c2e32480fe40a908ad510b78011?s=96&d=mm&r=g\",\"contentUrl\":\"https:\\\/\\\/secure.gravatar.com\\\/avatar\\\/d935574cdb9a07e324931665e188795d3fd82c2e32480fe40a908ad510b78011?s=96&d=mm&r=g\",\"caption\":\"Trazada Desarrollo web\"},\"url\":\"https:\\\/\\\/avanzaevents.com\\\/es\\\/author\\\/trazada_desarrollo\\\/\"}]}<\/script>\n<!-- \/ Yoast SEO plugin. -->","yoast_head_json":{"title":"La econom\u00eda se refleja en las ferias - Avanza Events","description":"Crece el n\u00famero de celebraciones de este tipo de eventos, que contribuyen a incentivar el consumo de todo tipo de sectores comerciales.","robots":{"index":"index","follow":"follow","max-snippet":"max-snippet:-1","max-image-preview":"max-image-preview:large","max-video-preview":"max-video-preview:-1"},"canonical":"https:\/\/avanzaevents.com\/es\/asistimos-seafood-expo-global-2017-2\/","og_locale":"es_ES","og_type":"article","og_title":"La econom\u00eda se refleja en las ferias - Avanza Events","og_description":"Crece el n\u00famero de celebraciones de este tipo de eventos, que contribuyen a incentivar el consumo de todo tipo de sectores comerciales.","og_url":"https:\/\/avanzaevents.com\/es\/asistimos-seafood-expo-global-2017-2\/","og_site_name":"Avanza Group","article_published_time":"2017-05-09T14:15:39+00:00","article_modified_time":"2022-10-10T09:33:54+00:00","og_image":[{"width":1200,"height":900,"url":"https:\/\/avanzaevents.com\/wp-content\/uploads\/2020\/04\/1494338857seafood.jpg","type":"image\/jpeg"}],"author":"Trazada Desarrollo web","twitter_card":"summary_large_image","twitter_misc":{"Escrito por":"Trazada Desarrollo web","Tiempo de lectura":"1 minuto"},"schema":{"@context":"https:\/\/schema.org","@graph":[{"@type":"Article","@id":"https:\/\/avanzaevents.com\/es\/asistimos-seafood-expo-global-2017-2\/#article","isPartOf":{"@id":"https:\/\/avanzaevents.com\/es\/asistimos-seafood-expo-global-2017-2\/"},"author":{"name":"Trazada Desarrollo web","@id":"https:\/\/avanzaevents.com\/es\/#\/schema\/person\/ca422fcb83d7cf293b21036c273366b5"},"headline":"La mejora econ\u00f3mica se refleja en el crecimiento de las ferias","datePublished":"2017-05-09T14:15:39+00:00","dateModified":"2022-10-10T09:33:54+00:00","mainEntityOfPage":{"@id":"https:\/\/avanzaevents.com\/es\/asistimos-seafood-expo-global-2017-2\/"},"wordCount":232,"commentCount":0,"publisher":{"@id":"https:\/\/avanzaevents.com\/es\/#organization"},"image":{"@id":"https:\/\/avanzaevents.com\/es\/asistimos-seafood-expo-global-2017-2\/#primaryimage"},"thumbnailUrl":"https:\/\/avanzaevents.com\/wp-content\/uploads\/2020\/04\/1494338857seafood.jpg","articleSection":["Blog"],"inLanguage":"es","potentialAction":[{"@type":"CommentAction","name":"Comment","target":["https:\/\/avanzaevents.com\/es\/asistimos-seafood-expo-global-2017-2\/#respond"]}]},{"@type":"WebPage","@id":"https:\/\/avanzaevents.com\/es\/asistimos-seafood-expo-global-2017-2\/","url":"https:\/\/avanzaevents.com\/es\/asistimos-seafood-expo-global-2017-2\/","name":"La econom\u00eda se refleja en las ferias - Avanza Events","isPartOf":{"@id":"https:\/\/avanzaevents.com\/es\/#website"},"primaryImageOfPage":{"@id":"https:\/\/avanzaevents.com\/es\/asistimos-seafood-expo-global-2017-2\/#primaryimage"},"image":{"@id":"https:\/\/avanzaevents.com\/es\/asistimos-seafood-expo-global-2017-2\/#primaryimage"},"thumbnailUrl":"https:\/\/avanzaevents.com\/wp-content\/uploads\/2020\/04\/1494338857seafood.jpg","datePublished":"2017-05-09T14:15:39+00:00","dateModified":"2022-10-10T09:33:54+00:00","description":"Crece el n\u00famero de celebraciones de este tipo de eventos, que contribuyen a incentivar el consumo de todo tipo de sectores comerciales.","breadcrumb":{"@id":"https:\/\/avanzaevents.com\/es\/asistimos-seafood-expo-global-2017-2\/#breadcrumb"},"inLanguage":"es","potentialAction":[{"@type":"ReadAction","target":["https:\/\/avanzaevents.com\/es\/asistimos-seafood-expo-global-2017-2\/"]}]},{"@type":"ImageObject","inLanguage":"es","@id":"https:\/\/avanzaevents.com\/es\/asistimos-seafood-expo-global-2017-2\/#primaryimage","url":"https:\/\/avanzaevents.com\/wp-content\/uploads\/2020\/04\/1494338857seafood.jpg","contentUrl":"https:\/\/avanzaevents.com\/wp-content\/uploads\/2020\/04\/1494338857seafood.jpg","width":1200,"height":900},{"@type":"BreadcrumbList","@id":"https:\/\/avanzaevents.com\/es\/asistimos-seafood-expo-global-2017-2\/#breadcrumb","itemListElement":[{"@type":"ListItem","position":1,"name":"Portada","item":"https:\/\/avanzaevents.com\/es\/"},{"@type":"ListItem","position":2,"name":"La mejora econ\u00f3mica se refleja en el crecimiento de las ferias"}]},{"@type":"WebSite","@id":"https:\/\/avanzaevents.com\/es\/#website","url":"https:\/\/avanzaevents.com\/es\/","name":"Avanza Group","description":"Otro sitio realizado con WordPress","publisher":{"@id":"https:\/\/avanzaevents.com\/es\/#organization"},"potentialAction":[{"@type":"SearchAction","target":{"@type":"EntryPoint","urlTemplate":"https:\/\/avanzaevents.com\/es\/?s={search_term_string}"},"query-input":{"@type":"PropertyValueSpecification","valueRequired":true,"valueName":"search_term_string"}}],"inLanguage":"es"},{"@type":"Organization","@id":"https:\/\/avanzaevents.com\/es\/#organization","name":"Avanza group","url":"https:\/\/avanzaevents.com\/es\/","logo":{"@type":"ImageObject","inLanguage":"es","@id":"https:\/\/avanzaevents.com\/es\/#\/schema\/logo\/image\/","url":"https:\/\/avanzaevents.com\/wp-content\/uploads\/2020\/02\/logo300px.png","contentUrl":"https:\/\/avanzaevents.com\/wp-content\/uploads\/2020\/02\/logo300px.png","width":340,"height":125,"caption":"Avanza group"},"image":{"@id":"https:\/\/avanzaevents.com\/es\/#\/schema\/logo\/image\/"}},{"@type":"Person","@id":"https:\/\/avanzaevents.com\/es\/#\/schema\/person\/ca422fcb83d7cf293b21036c273366b5","name":"Trazada Desarrollo web","image":{"@type":"ImageObject","inLanguage":"es","@id":"https:\/\/secure.gravatar.com\/avatar\/d935574cdb9a07e324931665e188795d3fd82c2e32480fe40a908ad510b78011?s=96&d=mm&r=g","url":"https:\/\/secure.gravatar.com\/avatar\/d935574cdb9a07e324931665e188795d3fd82c2e32480fe40a908ad510b78011?s=96&d=mm&r=g","contentUrl":"https:\/\/secure.gravatar.com\/avatar\/d935574cdb9a07e324931665e188795d3fd82c2e32480fe40a908ad510b78011?s=96&d=mm&r=g","caption":"Trazada Desarrollo web"},"url":"https:\/\/avanzaevents.com\/es\/author\/trazada_desarrollo\/"}]}},"_links":{"self":[{"href":"https:\/\/avanzaevents.com\/es\/wp-json\/wp\/v2\/posts\/1193","targetHints":{"allow":["GET"]}}],"collection":[{"href":"https:\/\/avanzaevents.com\/es\/wp-json\/wp\/v2\/posts"}],"about":[{"href":"https:\/\/avanzaevents.com\/es\/wp-json\/wp\/v2\/types\/post"}],"author":[{"embeddable":true,"href":"https:\/\/avanzaevents.com\/es\/wp-json\/wp\/v2\/users\/11"}],"replies":[{"embeddable":true,"href":"https:\/\/avanzaevents.com\/es\/wp-json\/wp\/v2\/comments?post=1193"}],"version-history":[{"count":0,"href":"https:\/\/avanzaevents.com\/es\/wp-json\/wp\/v2\/posts\/1193\/revisions"}],"wp:featuredmedia":[{"embeddable":true,"href":"https:\/\/avanzaevents.com\/es\/wp-json\/wp\/v2\/media\/1750"}],"wp:attachment":[{"href":"https:\/\/avanzaevents.com\/es\/wp-json\/wp\/v2\/media?parent=1193"}],"wp:term":[{"taxonomy":"category","embeddable":true,"href":"https:\/\/avanzaevents.com\/es\/wp-json\/wp\/v2\/categories?post=1193"},{"taxonomy":"post_tag","embeddable":true,"href":"https:\/\/avanzaevents.com\/es\/wp-json\/wp\/v2\/tags?post=1193"}],"curies":[{"name":"wp","href":"https:\/\/api.w.org\/{rel}","templated":true}]}}