{"id":1285,"date":"2017-07-05T10:57:53","date_gmt":"2017-07-05T10:57:53","guid":{"rendered":"https:\/\/avanzaevents.com\/?p=1285"},"modified":"2022-10-10T13:14:16","modified_gmt":"2022-10-10T11:14:16","slug":"organizar-evento-feria","status":"publish","type":"post","link":"https:\/\/avanzaevents.com\/es\/organizar-evento-feria\/","title":{"rendered":"Organizar un evento o feria"},"content":{"rendered":"<p><!--:en--><\/p>\n<p><!--:--><!--:es--><\/p>\n<p>En esta ocasi\u00f3n quer\u00edamos hacer enfoque a la segunda temporada del a\u00f1o en eventos (ferias, congresos,&#8230;.)<\/p>\n<p>Por eso queremos colaborar por si estas preparando ya las ferias de septiembre y octubre (o cualquier otro mes) en la construcci\u00f3n de su stand por lo que debe tener en cuenta varios puntos importantes para que un evento al que asistas tenga \u00e9xito.<\/p>\n<p>Organizar un stand para una feria es parte fundamente ya que vas a exponer su imagen corporativa y va a dar a conocer sus productos, ideas, conocimientos,\u2026 para ofrecer a sus clientes, por lo que hay que marcarse unos objetivos espec\u00edficos.<\/p>\n<p><a href=\"https:\/\/avanzaevents.com\/wp-content\/uploads\/files\/2017\/06\/hacer-lluvia-ideas-efectiva.jpg\"><img decoding=\"async\" class=\"aligncenter size-medium wp-image-1286\" title=\"hacer-lluvia-ideas-efectiva\" src=\"https:\/\/avanzaevents.com\/wp-content\/uploads\/files\/2017\/06\/hacer-lluvia-ideas-efectiva-300x132.jpg\" alt=\"\" width=\"300\" height=\"132\" \/><\/a><\/p>\n<p>En primer lugar tiene que hacer un presupuesto para que tenga una idea de la inversi\u00f3n que puede realizar y lo que puede contratar. De esta manera te podremos ayudar a conseguir que todo lo que necesites lo tenga perfectamente dispuesto.<\/p>\n<p>Reservar el espacio, dise\u00f1ar el stand y tener todos los elementos que necesite para atender a todos los visitantes que pueda tener, dise\u00f1ar la publicidad y preparar folletos para anunciar sus productos y servicios, organizar la agenda, marcar diferentes acciones de marketing para tener resultados eficaces y disponer de toda la log\u00edstica que necesite para que la feria, evento o congreso al que asista tenga un buen balance en su participaci\u00f3n (el mayor n\u00famero de visitantes posibles). Estos ser\u00edan algunos de los puntos m\u00e1s significativos a tener en cuenta.<\/p>\n<p><a href=\"https:\/\/avanzaevents.com\/wp-content\/uploads\/files\/2017\/06\/Contacto_comercial.png\"><img fetchpriority=\"high\" decoding=\"async\" class=\"aligncenter size-medium wp-image-1287\" title=\"Contacto_comercial\" src=\"https:\/\/avanzaevents.com\/wp-content\/uploads\/files\/2017\/06\/Contacto_comercial-300x267.png\" alt=\"\" width=\"300\" height=\"267\" \/><\/a><\/p>\n<p>Por este motivo desde <strong>Avanza Group<\/strong>, nos gustar\u00eda ser parte de su \u00e9xito! Tenemos un equipo con a\u00f1os de experiencia y en el que te podemos gestionar todo lo relativo a su stand desde principio a fin. Trabajamos con materiales de alta calidad para la construcci\u00f3n del stand y gestionamos a su vez cualquier servicio que necesite para su asistencia. Si nos indica las ideas b\u00e1sicas para su asistencia en el evento, nosotros se lo convertimos en \u00e9xito absoluto<a href=\"https:\/\/avanzaevents.com\/wp-content\/uploads\/files\/2017\/06\/negocio-exitoso.jpg\"><img decoding=\"async\" class=\"aligncenter size-medium wp-image-1288\" title=\"negocio-exitoso\" src=\"https:\/\/avanzaevents.com\/wp-content\/uploads\/files\/2017\/06\/negocio-exitoso-300x223.jpg\" alt=\"\" width=\"300\" height=\"223\" \/><\/a><\/p>\n<p><a href=\"https:\/\/avanzaevents.com\/contacto\/\"><strong>A qu\u00e9 esperas? Cont\u00e1ctanos ya y compru\u00e9balo por ti mismo.<\/strong><\/a><\/p>\n<p><!--:--><\/p>\n","protected":false},"excerpt":{"rendered":"<p>En esta ocasi\u00f3n quer\u00edamos hacer enfoque a la segunda temporada del a\u00f1o en eventos (ferias, congresos,&#8230;.) Por eso queremos colaborar [&hellip;]<\/p>\n","protected":false},"author":11,"featured_media":1747,"comment_status":"open","ping_status":"open","sticky":false,"template":"","format":"standard","meta":{"_acf_changed":false,"site-sidebar-layout":"default","site-content-layout":"","ast-site-content-layout":"default","site-content-style":"default","site-sidebar-style":"default","ast-global-header-display":"","ast-banner-title-visibility":"","ast-main-header-display":"","ast-hfb-above-header-display":"","ast-hfb-below-header-display":"","ast-hfb-mobile-header-display":"","site-post-title":"","ast-breadcrumbs-content":"","ast-featured-img":"","footer-sml-layout":"","ast-disable-related-posts":"","theme-transparent-header-meta":"","adv-header-id-meta":"","stick-header-meta":"","header-above-stick-meta":"","header-main-stick-meta":"","header-below-stick-meta":"","astra-migrate-meta-layouts":"default","ast-page-background-enabled":"default","ast-page-background-meta":{"desktop":{"background-color":"var(--ast-global-color-5)","background-image":"","background-repeat":"repeat","background-position":"center center","background-size":"auto","background-attachment":"scroll","background-type":"","background-media":"","overlay-type":"","overlay-color":"","overlay-opacity":"","overlay-gradient":""},"tablet":{"background-color":"","background-image":"","background-repeat":"repeat","background-position":"center center","background-size":"auto","background-attachment":"scroll","background-type":"","background-media":"","overlay-type":"","overlay-color":"","overlay-opacity":"","overlay-gradient":""},"mobile":{"background-color":"","background-image":"","background-repeat":"repeat","background-position":"center center","background-size":"auto","background-attachment":"scroll","background-type":"","background-media":"","overlay-type":"","overlay-color":"","overlay-opacity":"","overlay-gradient":""}},"ast-content-background-meta":{"desktop":{"background-color":"var(--ast-global-color-4)","background-image":"","background-repeat":"repeat","background-position":"center center","background-size":"auto","background-attachment":"scroll","background-type":"","background-media":"","overlay-type":"","overlay-color":"","overlay-opacity":"","overlay-gradient":""},"tablet":{"background-color":"var(--ast-global-color-4)","background-image":"","background-repeat":"repeat","background-position":"center center","background-size":"auto","background-attachment":"scroll","background-type":"","background-media":"","overlay-type":"","overlay-color":"","overlay-opacity":"","overlay-gradient":""},"mobile":{"background-color":"var(--ast-global-color-4)","background-image":"","background-repeat":"repeat","background-position":"center center","background-size":"auto","background-attachment":"scroll","background-type":"","background-media":"","overlay-type":"","overlay-color":"","overlay-opacity":"","overlay-gradient":""}},"_joinchat":[],"footnotes":""},"categories":[7],"tags":[],"class_list":["post-1285","post","type-post","status-publish","format-standard","has-post-thumbnail","hentry","category-blog"],"acf":[],"yoast_head":"<!-- This site is optimized with the Yoast SEO plugin v27.4 - https:\/\/yoast.com\/product\/yoast-seo-wordpress\/ -->\n<title>\u25b7 Organizar un evento o feria \u3010Avanza Events 2026 \u3011<\/title>\n<meta name=\"description\" content=\"En esta ocasi\u00f3n quer\u00edamos hacer enfoque a la segunda temporada del a\u00f1o en eventos (ferias, congresos,....)\" \/>\n<meta name=\"robots\" content=\"index, follow, max-snippet:-1, max-image-preview:large, max-video-preview:-1\" \/>\n<link rel=\"canonical\" href=\"https:\/\/avanzaevents.com\/es\/organizar-evento-feria\/\" \/>\n<meta property=\"og:locale\" content=\"es_ES\" \/>\n<meta property=\"og:type\" content=\"article\" \/>\n<meta property=\"og:title\" content=\"\u25b7 Organizar un evento o feria \u3010Avanza Events 2026 \u3011\" \/>\n<meta property=\"og:description\" content=\"En esta ocasi\u00f3n quer\u00edamos hacer enfoque a la segunda temporada del a\u00f1o en eventos (ferias, congresos,....)\" \/>\n<meta property=\"og:url\" content=\"https:\/\/avanzaevents.com\/es\/organizar-evento-feria\/\" \/>\n<meta property=\"og:site_name\" content=\"Avanza Group\" \/>\n<meta property=\"article:published_time\" content=\"2017-07-05T10:57:53+00:00\" \/>\n<meta property=\"article:modified_time\" content=\"2022-10-10T11:14:16+00:00\" \/>\n<meta property=\"og:image\" content=\"https:\/\/avanzaevents.com\/wp-content\/uploads\/2020\/04\/1498205310Crecimiento.jpg\" \/>\n\t<meta property=\"og:image:width\" content=\"600\" \/>\n\t<meta property=\"og:image:height\" content=\"310\" \/>\n\t<meta property=\"og:image:type\" content=\"image\/jpeg\" \/>\n<meta name=\"author\" content=\"Trazada Desarrollo web\" \/>\n<meta name=\"twitter:card\" content=\"summary_large_image\" \/>\n<meta name=\"twitter:label1\" content=\"Escrito por\" \/>\n\t<meta name=\"twitter:data1\" content=\"Trazada Desarrollo web\" \/>\n\t<meta name=\"twitter:label2\" content=\"Tiempo de lectura\" \/>\n\t<meta name=\"twitter:data2\" content=\"2 minutos\" \/>\n<script type=\"application\/ld+json\" class=\"yoast-schema-graph\">{\"@context\":\"https:\\\/\\\/schema.org\",\"@graph\":[{\"@type\":\"Article\",\"@id\":\"https:\\\/\\\/avanzaevents.com\\\/es\\\/organizar-evento-feria\\\/#article\",\"isPartOf\":{\"@id\":\"https:\\\/\\\/avanzaevents.com\\\/es\\\/organizar-evento-feria\\\/\"},\"author\":{\"name\":\"Trazada Desarrollo web\",\"@id\":\"https:\\\/\\\/avanzaevents.com\\\/es\\\/#\\\/schema\\\/person\\\/ca422fcb83d7cf293b21036c273366b5\"},\"headline\":\"Organizar un evento o feria\",\"datePublished\":\"2017-07-05T10:57:53+00:00\",\"dateModified\":\"2022-10-10T11:14:16+00:00\",\"mainEntityOfPage\":{\"@id\":\"https:\\\/\\\/avanzaevents.com\\\/es\\\/organizar-evento-feria\\\/\"},\"wordCount\":344,\"commentCount\":0,\"publisher\":{\"@id\":\"https:\\\/\\\/avanzaevents.com\\\/es\\\/#organization\"},\"image\":{\"@id\":\"https:\\\/\\\/avanzaevents.com\\\/es\\\/organizar-evento-feria\\\/#primaryimage\"},\"thumbnailUrl\":\"https:\\\/\\\/avanzaevents.com\\\/wp-content\\\/uploads\\\/2020\\\/04\\\/1498205310Crecimiento.jpg\",\"articleSection\":[\"Blog\"],\"inLanguage\":\"es\",\"potentialAction\":[{\"@type\":\"CommentAction\",\"name\":\"Comment\",\"target\":[\"https:\\\/\\\/avanzaevents.com\\\/es\\\/organizar-evento-feria\\\/#respond\"]}]},{\"@type\":\"WebPage\",\"@id\":\"https:\\\/\\\/avanzaevents.com\\\/es\\\/organizar-evento-feria\\\/\",\"url\":\"https:\\\/\\\/avanzaevents.com\\\/es\\\/organizar-evento-feria\\\/\",\"name\":\"\u25b7 Organizar un evento o feria \u3010Avanza Events 2026 \u3011\",\"isPartOf\":{\"@id\":\"https:\\\/\\\/avanzaevents.com\\\/es\\\/#website\"},\"primaryImageOfPage\":{\"@id\":\"https:\\\/\\\/avanzaevents.com\\\/es\\\/organizar-evento-feria\\\/#primaryimage\"},\"image\":{\"@id\":\"https:\\\/\\\/avanzaevents.com\\\/es\\\/organizar-evento-feria\\\/#primaryimage\"},\"thumbnailUrl\":\"https:\\\/\\\/avanzaevents.com\\\/wp-content\\\/uploads\\\/2020\\\/04\\\/1498205310Crecimiento.jpg\",\"datePublished\":\"2017-07-05T10:57:53+00:00\",\"dateModified\":\"2022-10-10T11:14:16+00:00\",\"description\":\"En esta ocasi\u00f3n quer\u00edamos hacer enfoque a la segunda temporada del a\u00f1o en eventos (ferias, congresos,....)\",\"breadcrumb\":{\"@id\":\"https:\\\/\\\/avanzaevents.com\\\/es\\\/organizar-evento-feria\\\/#breadcrumb\"},\"inLanguage\":\"es\",\"potentialAction\":[{\"@type\":\"ReadAction\",\"target\":[\"https:\\\/\\\/avanzaevents.com\\\/es\\\/organizar-evento-feria\\\/\"]}]},{\"@type\":\"ImageObject\",\"inLanguage\":\"es\",\"@id\":\"https:\\\/\\\/avanzaevents.com\\\/es\\\/organizar-evento-feria\\\/#primaryimage\",\"url\":\"https:\\\/\\\/avanzaevents.com\\\/wp-content\\\/uploads\\\/2020\\\/04\\\/1498205310Crecimiento.jpg\",\"contentUrl\":\"https:\\\/\\\/avanzaevents.com\\\/wp-content\\\/uploads\\\/2020\\\/04\\\/1498205310Crecimiento.jpg\",\"width\":600,\"height\":310},{\"@type\":\"BreadcrumbList\",\"@id\":\"https:\\\/\\\/avanzaevents.com\\\/es\\\/organizar-evento-feria\\\/#breadcrumb\",\"itemListElement\":[{\"@type\":\"ListItem\",\"position\":1,\"name\":\"Portada\",\"item\":\"https:\\\/\\\/avanzaevents.com\\\/es\\\/\"},{\"@type\":\"ListItem\",\"position\":2,\"name\":\"Organizar un evento o feria\"}]},{\"@type\":\"WebSite\",\"@id\":\"https:\\\/\\\/avanzaevents.com\\\/es\\\/#website\",\"url\":\"https:\\\/\\\/avanzaevents.com\\\/es\\\/\",\"name\":\"Avanza Group\",\"description\":\"Otro sitio realizado con WordPress\",\"publisher\":{\"@id\":\"https:\\\/\\\/avanzaevents.com\\\/es\\\/#organization\"},\"potentialAction\":[{\"@type\":\"SearchAction\",\"target\":{\"@type\":\"EntryPoint\",\"urlTemplate\":\"https:\\\/\\\/avanzaevents.com\\\/es\\\/?s={search_term_string}\"},\"query-input\":{\"@type\":\"PropertyValueSpecification\",\"valueRequired\":true,\"valueName\":\"search_term_string\"}}],\"inLanguage\":\"es\"},{\"@type\":\"Organization\",\"@id\":\"https:\\\/\\\/avanzaevents.com\\\/es\\\/#organization\",\"name\":\"Avanza group\",\"url\":\"https:\\\/\\\/avanzaevents.com\\\/es\\\/\",\"logo\":{\"@type\":\"ImageObject\",\"inLanguage\":\"es\",\"@id\":\"https:\\\/\\\/avanzaevents.com\\\/es\\\/#\\\/schema\\\/logo\\\/image\\\/\",\"url\":\"https:\\\/\\\/avanzaevents.com\\\/wp-content\\\/uploads\\\/2020\\\/02\\\/logo300px.png\",\"contentUrl\":\"https:\\\/\\\/avanzaevents.com\\\/wp-content\\\/uploads\\\/2020\\\/02\\\/logo300px.png\",\"width\":340,\"height\":125,\"caption\":\"Avanza group\"},\"image\":{\"@id\":\"https:\\\/\\\/avanzaevents.com\\\/es\\\/#\\\/schema\\\/logo\\\/image\\\/\"}},{\"@type\":\"Person\",\"@id\":\"https:\\\/\\\/avanzaevents.com\\\/es\\\/#\\\/schema\\\/person\\\/ca422fcb83d7cf293b21036c273366b5\",\"name\":\"Trazada Desarrollo web\",\"image\":{\"@type\":\"ImageObject\",\"inLanguage\":\"es\",\"@id\":\"https:\\\/\\\/secure.gravatar.com\\\/avatar\\\/d935574cdb9a07e324931665e188795d3fd82c2e32480fe40a908ad510b78011?s=96&d=mm&r=g\",\"url\":\"https:\\\/\\\/secure.gravatar.com\\\/avatar\\\/d935574cdb9a07e324931665e188795d3fd82c2e32480fe40a908ad510b78011?s=96&d=mm&r=g\",\"contentUrl\":\"https:\\\/\\\/secure.gravatar.com\\\/avatar\\\/d935574cdb9a07e324931665e188795d3fd82c2e32480fe40a908ad510b78011?s=96&d=mm&r=g\",\"caption\":\"Trazada Desarrollo web\"},\"url\":\"https:\\\/\\\/avanzaevents.com\\\/es\\\/author\\\/trazada_desarrollo\\\/\"}]}<\/script>\n<!-- \/ Yoast SEO plugin. -->","yoast_head_json":{"title":"\u25b7 Organizar un evento o feria \u3010Avanza Events 2026 \u3011","description":"En esta ocasi\u00f3n quer\u00edamos hacer enfoque a la segunda temporada del a\u00f1o en eventos (ferias, congresos,....)","robots":{"index":"index","follow":"follow","max-snippet":"max-snippet:-1","max-image-preview":"max-image-preview:large","max-video-preview":"max-video-preview:-1"},"canonical":"https:\/\/avanzaevents.com\/es\/organizar-evento-feria\/","og_locale":"es_ES","og_type":"article","og_title":"\u25b7 Organizar un evento o feria \u3010Avanza Events 2026 \u3011","og_description":"En esta ocasi\u00f3n quer\u00edamos hacer enfoque a la segunda temporada del a\u00f1o en eventos (ferias, congresos,....)","og_url":"https:\/\/avanzaevents.com\/es\/organizar-evento-feria\/","og_site_name":"Avanza Group","article_published_time":"2017-07-05T10:57:53+00:00","article_modified_time":"2022-10-10T11:14:16+00:00","og_image":[{"width":600,"height":310,"url":"https:\/\/avanzaevents.com\/wp-content\/uploads\/2020\/04\/1498205310Crecimiento.jpg","type":"image\/jpeg"}],"author":"Trazada Desarrollo web","twitter_card":"summary_large_image","twitter_misc":{"Escrito por":"Trazada Desarrollo web","Tiempo de lectura":"2 minutos"},"schema":{"@context":"https:\/\/schema.org","@graph":[{"@type":"Article","@id":"https:\/\/avanzaevents.com\/es\/organizar-evento-feria\/#article","isPartOf":{"@id":"https:\/\/avanzaevents.com\/es\/organizar-evento-feria\/"},"author":{"name":"Trazada Desarrollo web","@id":"https:\/\/avanzaevents.com\/es\/#\/schema\/person\/ca422fcb83d7cf293b21036c273366b5"},"headline":"Organizar un evento o feria","datePublished":"2017-07-05T10:57:53+00:00","dateModified":"2022-10-10T11:14:16+00:00","mainEntityOfPage":{"@id":"https:\/\/avanzaevents.com\/es\/organizar-evento-feria\/"},"wordCount":344,"commentCount":0,"publisher":{"@id":"https:\/\/avanzaevents.com\/es\/#organization"},"image":{"@id":"https:\/\/avanzaevents.com\/es\/organizar-evento-feria\/#primaryimage"},"thumbnailUrl":"https:\/\/avanzaevents.com\/wp-content\/uploads\/2020\/04\/1498205310Crecimiento.jpg","articleSection":["Blog"],"inLanguage":"es","potentialAction":[{"@type":"CommentAction","name":"Comment","target":["https:\/\/avanzaevents.com\/es\/organizar-evento-feria\/#respond"]}]},{"@type":"WebPage","@id":"https:\/\/avanzaevents.com\/es\/organizar-evento-feria\/","url":"https:\/\/avanzaevents.com\/es\/organizar-evento-feria\/","name":"\u25b7 Organizar un evento o feria \u3010Avanza Events 2026 \u3011","isPartOf":{"@id":"https:\/\/avanzaevents.com\/es\/#website"},"primaryImageOfPage":{"@id":"https:\/\/avanzaevents.com\/es\/organizar-evento-feria\/#primaryimage"},"image":{"@id":"https:\/\/avanzaevents.com\/es\/organizar-evento-feria\/#primaryimage"},"thumbnailUrl":"https:\/\/avanzaevents.com\/wp-content\/uploads\/2020\/04\/1498205310Crecimiento.jpg","datePublished":"2017-07-05T10:57:53+00:00","dateModified":"2022-10-10T11:14:16+00:00","description":"En esta ocasi\u00f3n quer\u00edamos hacer enfoque a la segunda temporada del a\u00f1o en eventos (ferias, congresos,....)","breadcrumb":{"@id":"https:\/\/avanzaevents.com\/es\/organizar-evento-feria\/#breadcrumb"},"inLanguage":"es","potentialAction":[{"@type":"ReadAction","target":["https:\/\/avanzaevents.com\/es\/organizar-evento-feria\/"]}]},{"@type":"ImageObject","inLanguage":"es","@id":"https:\/\/avanzaevents.com\/es\/organizar-evento-feria\/#primaryimage","url":"https:\/\/avanzaevents.com\/wp-content\/uploads\/2020\/04\/1498205310Crecimiento.jpg","contentUrl":"https:\/\/avanzaevents.com\/wp-content\/uploads\/2020\/04\/1498205310Crecimiento.jpg","width":600,"height":310},{"@type":"BreadcrumbList","@id":"https:\/\/avanzaevents.com\/es\/organizar-evento-feria\/#breadcrumb","itemListElement":[{"@type":"ListItem","position":1,"name":"Portada","item":"https:\/\/avanzaevents.com\/es\/"},{"@type":"ListItem","position":2,"name":"Organizar un evento o feria"}]},{"@type":"WebSite","@id":"https:\/\/avanzaevents.com\/es\/#website","url":"https:\/\/avanzaevents.com\/es\/","name":"Avanza Group","description":"Otro sitio realizado con WordPress","publisher":{"@id":"https:\/\/avanzaevents.com\/es\/#organization"},"potentialAction":[{"@type":"SearchAction","target":{"@type":"EntryPoint","urlTemplate":"https:\/\/avanzaevents.com\/es\/?s={search_term_string}"},"query-input":{"@type":"PropertyValueSpecification","valueRequired":true,"valueName":"search_term_string"}}],"inLanguage":"es"},{"@type":"Organization","@id":"https:\/\/avanzaevents.com\/es\/#organization","name":"Avanza group","url":"https:\/\/avanzaevents.com\/es\/","logo":{"@type":"ImageObject","inLanguage":"es","@id":"https:\/\/avanzaevents.com\/es\/#\/schema\/logo\/image\/","url":"https:\/\/avanzaevents.com\/wp-content\/uploads\/2020\/02\/logo300px.png","contentUrl":"https:\/\/avanzaevents.com\/wp-content\/uploads\/2020\/02\/logo300px.png","width":340,"height":125,"caption":"Avanza group"},"image":{"@id":"https:\/\/avanzaevents.com\/es\/#\/schema\/logo\/image\/"}},{"@type":"Person","@id":"https:\/\/avanzaevents.com\/es\/#\/schema\/person\/ca422fcb83d7cf293b21036c273366b5","name":"Trazada Desarrollo web","image":{"@type":"ImageObject","inLanguage":"es","@id":"https:\/\/secure.gravatar.com\/avatar\/d935574cdb9a07e324931665e188795d3fd82c2e32480fe40a908ad510b78011?s=96&d=mm&r=g","url":"https:\/\/secure.gravatar.com\/avatar\/d935574cdb9a07e324931665e188795d3fd82c2e32480fe40a908ad510b78011?s=96&d=mm&r=g","contentUrl":"https:\/\/secure.gravatar.com\/avatar\/d935574cdb9a07e324931665e188795d3fd82c2e32480fe40a908ad510b78011?s=96&d=mm&r=g","caption":"Trazada Desarrollo web"},"url":"https:\/\/avanzaevents.com\/es\/author\/trazada_desarrollo\/"}]}},"_links":{"self":[{"href":"https:\/\/avanzaevents.com\/es\/wp-json\/wp\/v2\/posts\/1285","targetHints":{"allow":["GET"]}}],"collection":[{"href":"https:\/\/avanzaevents.com\/es\/wp-json\/wp\/v2\/posts"}],"about":[{"href":"https:\/\/avanzaevents.com\/es\/wp-json\/wp\/v2\/types\/post"}],"author":[{"embeddable":true,"href":"https:\/\/avanzaevents.com\/es\/wp-json\/wp\/v2\/users\/11"}],"replies":[{"embeddable":true,"href":"https:\/\/avanzaevents.com\/es\/wp-json\/wp\/v2\/comments?post=1285"}],"version-history":[{"count":0,"href":"https:\/\/avanzaevents.com\/es\/wp-json\/wp\/v2\/posts\/1285\/revisions"}],"wp:featuredmedia":[{"embeddable":true,"href":"https:\/\/avanzaevents.com\/es\/wp-json\/wp\/v2\/media\/1747"}],"wp:attachment":[{"href":"https:\/\/avanzaevents.com\/es\/wp-json\/wp\/v2\/media?parent=1285"}],"wp:term":[{"taxonomy":"category","embeddable":true,"href":"https:\/\/avanzaevents.com\/es\/wp-json\/wp\/v2\/categories?post=1285"},{"taxonomy":"post_tag","embeddable":true,"href":"https:\/\/avanzaevents.com\/es\/wp-json\/wp\/v2\/tags?post=1285"}],"curies":[{"name":"wp","href":"https:\/\/api.w.org\/{rel}","templated":true}]}}