{"id":12961,"date":"2022-10-05T12:25:07","date_gmt":"2022-10-05T10:25:07","guid":{"rendered":"https:\/\/avanzaevents.com\/?p=12961"},"modified":"2022-10-10T11:34:55","modified_gmt":"2022-10-10T09:34:55","slug":"stand-de-diseno-para-electrans-en-la-feria-innotrans-berlin","status":"publish","type":"post","link":"https:\/\/avanzaevents.com\/es\/stand-de-diseno-para-electrans-en-la-feria-innotrans-berlin\/","title":{"rendered":"STAND DE DISE\u00d1O PARA ELECTRANS EN LA FERIA INNOTRANS (BERL\u00cdN)"},"content":{"rendered":"<p>[vc_row css_animation=\u00bb\u00bb row_type=\u00bbrow\u00bb use_row_as_full_screen_section=\u00bbno\u00bb type=\u00bbfull_width\u00bb angled_section=\u00bbno\u00bb text_align=\u00bbleft\u00bb background_image_as_pattern=\u00bbwithout_pattern\u00bb][vc_column][vc_column_text]Avanza tuvo el honor de dise\u00f1ar este stand personalizado para Electrans en la Feria Internacional sobre Tecnolog\u00eda de Transportes. Encuentro de referencia para las empresas punteras de transportes.<\/p>\n<p>En su decimotercera edici\u00f3n, celebrada en Messe Berl\u00edn (20-23 de septiembre de 2022), la feria se subdivide en los cinco segmentos feriales: Tecnolog\u00eda ferroviaria, Infraestructura ferroviaria, Transporte p\u00fablico, Interiores y Construcci\u00f3n de t\u00faneles.<\/p>\n<p>InnoTrans ocupa los 42 pabellones disponibles en el recinto ferial de Berl\u00edn.<\/p>\n<p>&nbsp;<\/p>\n<p>En esta feria realizamos un stand de dise\u00f1o econ\u00f3mico y sencillo para ELECTRANS, de l\u00edneas rectas basado en una peque\u00f1a exposici\u00f3n de producto y muchas zonas gr\u00e1ficas. El logo se situ\u00f3 en puntos estrat\u00e9gicos para que sea visto desde todos los \u00e1ngulos transmitiendo una imagen muy corporativa y limpia.<\/p>\n<p>Se colocaron 2 Tvs para dar un mayor impacto de comunicaci\u00f3n. El resultado fue un stand sencillo y pr\u00e1ctico basado en la comunicaci\u00f3n corporativa, dando as\u00ed respuesta a la necesidad del cliente.[\/vc_column_text][\/vc_column][\/vc_row]<\/p>\n","protected":false},"excerpt":{"rendered":"<p>Avanza tuvo el honor de dise\u00f1ar este stand personalizado para Electrans en la Feria Internacional sobre Tecnolog\u00eda de Transportes en la edici\u00f3n 2022. Encuentro de referencia para las empresas punteras de transportes.<\/p>\n","protected":false},"author":8,"featured_media":12965,"comment_status":"open","ping_status":"open","sticky":false,"template":"","format":"standard","meta":{"_acf_changed":false,"site-sidebar-layout":"default","site-content-layout":"","ast-site-content-layout":"default","site-content-style":"default","site-sidebar-style":"default","ast-global-header-display":"","ast-banner-title-visibility":"","ast-main-header-display":"","ast-hfb-above-header-display":"","ast-hfb-below-header-display":"","ast-hfb-mobile-header-display":"","site-post-title":"","ast-breadcrumbs-content":"","ast-featured-img":"","footer-sml-layout":"","ast-disable-related-posts":"","theme-transparent-header-meta":"","adv-header-id-meta":"","stick-header-meta":"","header-above-stick-meta":"","header-main-stick-meta":"","header-below-stick-meta":"","astra-migrate-meta-layouts":"default","ast-page-background-enabled":"default","ast-page-background-meta":{"desktop":{"background-color":"var(--ast-global-color-5)","background-image":"","background-repeat":"repeat","background-position":"center center","background-size":"auto","background-attachment":"scroll","background-type":"","background-media":"","overlay-type":"","overlay-color":"","overlay-opacity":"","overlay-gradient":""},"tablet":{"background-color":"","background-image":"","background-repeat":"repeat","background-position":"center center","background-size":"auto","background-attachment":"scroll","background-type":"","background-media":"","overlay-type":"","overlay-color":"","overlay-opacity":"","overlay-gradient":""},"mobile":{"background-color":"","background-image":"","background-repeat":"repeat","background-position":"center center","background-size":"auto","background-attachment":"scroll","background-type":"","background-media":"","overlay-type":"","overlay-color":"","overlay-opacity":"","overlay-gradient":""}},"ast-content-background-meta":{"desktop":{"background-color":"var(--ast-global-color-4)","background-image":"","background-repeat":"repeat","background-position":"center center","background-size":"auto","background-attachment":"scroll","background-type":"","background-media":"","overlay-type":"","overlay-color":"","overlay-opacity":"","overlay-gradient":""},"tablet":{"background-color":"var(--ast-global-color-4)","background-image":"","background-repeat":"repeat","background-position":"center center","background-size":"auto","background-attachment":"scroll","background-type":"","background-media":"","overlay-type":"","overlay-color":"","overlay-opacity":"","overlay-gradient":""},"mobile":{"background-color":"var(--ast-global-color-4)","background-image":"","background-repeat":"repeat","background-position":"center center","background-size":"auto","background-attachment":"scroll","background-type":"","background-media":"","overlay-type":"","overlay-color":"","overlay-opacity":"","overlay-gradient":""}},"_joinchat":[],"footnotes":""},"categories":[6],"tags":[],"class_list":["post-12961","post","type-post","status-publish","format-standard","has-post-thumbnail","hentry","category-noticias"],"acf":[],"yoast_head":"<!-- This site is optimized with the Yoast SEO plugin v27.4 - https:\/\/yoast.com\/product\/yoast-seo-wordpress\/ -->\n<title>Stand de dise\u00f1o para Electrans en la feria Innotrans, Berl\u00edn<\/title>\n<meta name=\"description\" content=\"Avanza tuvo el honor de dise\u00f1ar este stand personalizado para Electrans en la Feria Internacional sobre Tecnolog\u00eda de Transportes.\" \/>\n<meta name=\"robots\" content=\"index, follow, max-snippet:-1, max-image-preview:large, max-video-preview:-1\" \/>\n<link rel=\"canonical\" href=\"https:\/\/avanzaevents.com\/es\/stand-de-diseno-para-electrans-en-la-feria-innotrans-berlin\/\" \/>\n<meta property=\"og:locale\" content=\"es_ES\" \/>\n<meta property=\"og:type\" content=\"article\" \/>\n<meta property=\"og:title\" content=\"Stand de dise\u00f1o para Electrans en la feria Innotrans, Berl\u00edn\" \/>\n<meta property=\"og:description\" content=\"Avanza tuvo el honor de dise\u00f1ar este stand personalizado para Electrans en la Feria Internacional sobre Tecnolog\u00eda de Transportes.\" \/>\n<meta property=\"og:url\" content=\"https:\/\/avanzaevents.com\/es\/stand-de-diseno-para-electrans-en-la-feria-innotrans-berlin\/\" \/>\n<meta property=\"og:site_name\" content=\"Avanza Group\" \/>\n<meta property=\"article:published_time\" content=\"2022-10-05T10:25:07+00:00\" \/>\n<meta property=\"article:modified_time\" content=\"2022-10-10T09:34:55+00:00\" \/>\n<meta property=\"og:image\" content=\"https:\/\/avanzaevents.com\/wp-content\/uploads\/2022\/10\/Sin-titulo-2.jpg\" \/>\n\t<meta property=\"og:image:width\" content=\"1510\" \/>\n\t<meta property=\"og:image:height\" content=\"1019\" \/>\n\t<meta property=\"og:image:type\" content=\"image\/jpeg\" \/>\n<meta name=\"author\" content=\"vicky\" \/>\n<meta name=\"twitter:card\" content=\"summary_large_image\" \/>\n<meta name=\"twitter:label1\" content=\"Escrito por\" \/>\n\t<meta name=\"twitter:data1\" content=\"vicky\" \/>\n\t<meta name=\"twitter:label2\" content=\"Tiempo de lectura\" \/>\n\t<meta name=\"twitter:data2\" content=\"1 minuto\" \/>\n<script type=\"application\/ld+json\" class=\"yoast-schema-graph\">{\"@context\":\"https:\\\/\\\/schema.org\",\"@graph\":[{\"@type\":\"Article\",\"@id\":\"https:\\\/\\\/avanzaevents.com\\\/es\\\/stand-de-diseno-para-electrans-en-la-feria-innotrans-berlin\\\/#article\",\"isPartOf\":{\"@id\":\"https:\\\/\\\/avanzaevents.com\\\/es\\\/stand-de-diseno-para-electrans-en-la-feria-innotrans-berlin\\\/\"},\"author\":{\"name\":\"vicky\",\"@id\":\"https:\\\/\\\/avanzaevents.com\\\/es\\\/#\\\/schema\\\/person\\\/ef5a150a12d1976dae694dfbd043577a\"},\"headline\":\"STAND DE DISE\u00d1O PARA ELECTRANS EN LA FERIA INNOTRANS (BERL\u00cdN)\",\"datePublished\":\"2022-10-05T10:25:07+00:00\",\"dateModified\":\"2022-10-10T09:34:55+00:00\",\"mainEntityOfPage\":{\"@id\":\"https:\\\/\\\/avanzaevents.com\\\/es\\\/stand-de-diseno-para-electrans-en-la-feria-innotrans-berlin\\\/\"},\"wordCount\":224,\"commentCount\":0,\"publisher\":{\"@id\":\"https:\\\/\\\/avanzaevents.com\\\/es\\\/#organization\"},\"image\":{\"@id\":\"https:\\\/\\\/avanzaevents.com\\\/es\\\/stand-de-diseno-para-electrans-en-la-feria-innotrans-berlin\\\/#primaryimage\"},\"thumbnailUrl\":\"https:\\\/\\\/avanzaevents.com\\\/wp-content\\\/uploads\\\/2022\\\/10\\\/Sin-titulo-2.jpg\",\"articleSection\":[\"Internacional\"],\"inLanguage\":\"es\",\"potentialAction\":[{\"@type\":\"CommentAction\",\"name\":\"Comment\",\"target\":[\"https:\\\/\\\/avanzaevents.com\\\/es\\\/stand-de-diseno-para-electrans-en-la-feria-innotrans-berlin\\\/#respond\"]}]},{\"@type\":\"WebPage\",\"@id\":\"https:\\\/\\\/avanzaevents.com\\\/es\\\/stand-de-diseno-para-electrans-en-la-feria-innotrans-berlin\\\/\",\"url\":\"https:\\\/\\\/avanzaevents.com\\\/es\\\/stand-de-diseno-para-electrans-en-la-feria-innotrans-berlin\\\/\",\"name\":\"Stand de dise\u00f1o para Electrans en la feria Innotrans, Berl\u00edn\",\"isPartOf\":{\"@id\":\"https:\\\/\\\/avanzaevents.com\\\/es\\\/#website\"},\"primaryImageOfPage\":{\"@id\":\"https:\\\/\\\/avanzaevents.com\\\/es\\\/stand-de-diseno-para-electrans-en-la-feria-innotrans-berlin\\\/#primaryimage\"},\"image\":{\"@id\":\"https:\\\/\\\/avanzaevents.com\\\/es\\\/stand-de-diseno-para-electrans-en-la-feria-innotrans-berlin\\\/#primaryimage\"},\"thumbnailUrl\":\"https:\\\/\\\/avanzaevents.com\\\/wp-content\\\/uploads\\\/2022\\\/10\\\/Sin-titulo-2.jpg\",\"datePublished\":\"2022-10-05T10:25:07+00:00\",\"dateModified\":\"2022-10-10T09:34:55+00:00\",\"description\":\"Avanza tuvo el honor de dise\u00f1ar este stand personalizado para Electrans en la Feria Internacional sobre Tecnolog\u00eda de Transportes.\",\"breadcrumb\":{\"@id\":\"https:\\\/\\\/avanzaevents.com\\\/es\\\/stand-de-diseno-para-electrans-en-la-feria-innotrans-berlin\\\/#breadcrumb\"},\"inLanguage\":\"es\",\"potentialAction\":[{\"@type\":\"ReadAction\",\"target\":[\"https:\\\/\\\/avanzaevents.com\\\/es\\\/stand-de-diseno-para-electrans-en-la-feria-innotrans-berlin\\\/\"]}]},{\"@type\":\"ImageObject\",\"inLanguage\":\"es\",\"@id\":\"https:\\\/\\\/avanzaevents.com\\\/es\\\/stand-de-diseno-para-electrans-en-la-feria-innotrans-berlin\\\/#primaryimage\",\"url\":\"https:\\\/\\\/avanzaevents.com\\\/wp-content\\\/uploads\\\/2022\\\/10\\\/Sin-titulo-2.jpg\",\"contentUrl\":\"https:\\\/\\\/avanzaevents.com\\\/wp-content\\\/uploads\\\/2022\\\/10\\\/Sin-titulo-2.jpg\",\"width\":1510,\"height\":1019,\"caption\":\"stand Electrans feria Innotrans Berl\u00edn\"},{\"@type\":\"BreadcrumbList\",\"@id\":\"https:\\\/\\\/avanzaevents.com\\\/es\\\/stand-de-diseno-para-electrans-en-la-feria-innotrans-berlin\\\/#breadcrumb\",\"itemListElement\":[{\"@type\":\"ListItem\",\"position\":1,\"name\":\"Portada\",\"item\":\"https:\\\/\\\/avanzaevents.com\\\/es\\\/\"},{\"@type\":\"ListItem\",\"position\":2,\"name\":\"STAND DE DISE\u00d1O PARA ELECTRANS EN LA FERIA INNOTRANS (BERL\u00cdN)\"}]},{\"@type\":\"WebSite\",\"@id\":\"https:\\\/\\\/avanzaevents.com\\\/es\\\/#website\",\"url\":\"https:\\\/\\\/avanzaevents.com\\\/es\\\/\",\"name\":\"Avanza Group\",\"description\":\"Otro sitio realizado con WordPress\",\"publisher\":{\"@id\":\"https:\\\/\\\/avanzaevents.com\\\/es\\\/#organization\"},\"potentialAction\":[{\"@type\":\"SearchAction\",\"target\":{\"@type\":\"EntryPoint\",\"urlTemplate\":\"https:\\\/\\\/avanzaevents.com\\\/es\\\/?s={search_term_string}\"},\"query-input\":{\"@type\":\"PropertyValueSpecification\",\"valueRequired\":true,\"valueName\":\"search_term_string\"}}],\"inLanguage\":\"es\"},{\"@type\":\"Organization\",\"@id\":\"https:\\\/\\\/avanzaevents.com\\\/es\\\/#organization\",\"name\":\"Avanza group\",\"url\":\"https:\\\/\\\/avanzaevents.com\\\/es\\\/\",\"logo\":{\"@type\":\"ImageObject\",\"inLanguage\":\"es\",\"@id\":\"https:\\\/\\\/avanzaevents.com\\\/es\\\/#\\\/schema\\\/logo\\\/image\\\/\",\"url\":\"https:\\\/\\\/avanzaevents.com\\\/wp-content\\\/uploads\\\/2020\\\/02\\\/logo300px.png\",\"contentUrl\":\"https:\\\/\\\/avanzaevents.com\\\/wp-content\\\/uploads\\\/2020\\\/02\\\/logo300px.png\",\"width\":340,\"height\":125,\"caption\":\"Avanza group\"},\"image\":{\"@id\":\"https:\\\/\\\/avanzaevents.com\\\/es\\\/#\\\/schema\\\/logo\\\/image\\\/\"}},{\"@type\":\"Person\",\"@id\":\"https:\\\/\\\/avanzaevents.com\\\/es\\\/#\\\/schema\\\/person\\\/ef5a150a12d1976dae694dfbd043577a\",\"name\":\"vicky\",\"image\":{\"@type\":\"ImageObject\",\"inLanguage\":\"es\",\"@id\":\"https:\\\/\\\/secure.gravatar.com\\\/avatar\\\/d709368248c2960428f34a7adc442d40b7f8da20ba664aba803a029186f748d3?s=96&d=mm&r=g\",\"url\":\"https:\\\/\\\/secure.gravatar.com\\\/avatar\\\/d709368248c2960428f34a7adc442d40b7f8da20ba664aba803a029186f748d3?s=96&d=mm&r=g\",\"contentUrl\":\"https:\\\/\\\/secure.gravatar.com\\\/avatar\\\/d709368248c2960428f34a7adc442d40b7f8da20ba664aba803a029186f748d3?s=96&d=mm&r=g\",\"caption\":\"vicky\"},\"url\":\"https:\\\/\\\/avanzaevents.com\\\/es\\\/author\\\/vicky\\\/\"}]}<\/script>\n<!-- \/ Yoast SEO plugin. -->","yoast_head_json":{"title":"Stand de dise\u00f1o para Electrans en la feria Innotrans, Berl\u00edn","description":"Avanza tuvo el honor de dise\u00f1ar este stand personalizado para Electrans en la Feria Internacional sobre Tecnolog\u00eda de Transportes.","robots":{"index":"index","follow":"follow","max-snippet":"max-snippet:-1","max-image-preview":"max-image-preview:large","max-video-preview":"max-video-preview:-1"},"canonical":"https:\/\/avanzaevents.com\/es\/stand-de-diseno-para-electrans-en-la-feria-innotrans-berlin\/","og_locale":"es_ES","og_type":"article","og_title":"Stand de dise\u00f1o para Electrans en la feria Innotrans, Berl\u00edn","og_description":"Avanza tuvo el honor de dise\u00f1ar este stand personalizado para Electrans en la Feria Internacional sobre Tecnolog\u00eda de Transportes.","og_url":"https:\/\/avanzaevents.com\/es\/stand-de-diseno-para-electrans-en-la-feria-innotrans-berlin\/","og_site_name":"Avanza Group","article_published_time":"2022-10-05T10:25:07+00:00","article_modified_time":"2022-10-10T09:34:55+00:00","og_image":[{"width":1510,"height":1019,"url":"https:\/\/avanzaevents.com\/wp-content\/uploads\/2022\/10\/Sin-titulo-2.jpg","type":"image\/jpeg"}],"author":"vicky","twitter_card":"summary_large_image","twitter_misc":{"Escrito por":"vicky","Tiempo de lectura":"1 minuto"},"schema":{"@context":"https:\/\/schema.org","@graph":[{"@type":"Article","@id":"https:\/\/avanzaevents.com\/es\/stand-de-diseno-para-electrans-en-la-feria-innotrans-berlin\/#article","isPartOf":{"@id":"https:\/\/avanzaevents.com\/es\/stand-de-diseno-para-electrans-en-la-feria-innotrans-berlin\/"},"author":{"name":"vicky","@id":"https:\/\/avanzaevents.com\/es\/#\/schema\/person\/ef5a150a12d1976dae694dfbd043577a"},"headline":"STAND DE DISE\u00d1O PARA ELECTRANS EN LA FERIA INNOTRANS (BERL\u00cdN)","datePublished":"2022-10-05T10:25:07+00:00","dateModified":"2022-10-10T09:34:55+00:00","mainEntityOfPage":{"@id":"https:\/\/avanzaevents.com\/es\/stand-de-diseno-para-electrans-en-la-feria-innotrans-berlin\/"},"wordCount":224,"commentCount":0,"publisher":{"@id":"https:\/\/avanzaevents.com\/es\/#organization"},"image":{"@id":"https:\/\/avanzaevents.com\/es\/stand-de-diseno-para-electrans-en-la-feria-innotrans-berlin\/#primaryimage"},"thumbnailUrl":"https:\/\/avanzaevents.com\/wp-content\/uploads\/2022\/10\/Sin-titulo-2.jpg","articleSection":["Internacional"],"inLanguage":"es","potentialAction":[{"@type":"CommentAction","name":"Comment","target":["https:\/\/avanzaevents.com\/es\/stand-de-diseno-para-electrans-en-la-feria-innotrans-berlin\/#respond"]}]},{"@type":"WebPage","@id":"https:\/\/avanzaevents.com\/es\/stand-de-diseno-para-electrans-en-la-feria-innotrans-berlin\/","url":"https:\/\/avanzaevents.com\/es\/stand-de-diseno-para-electrans-en-la-feria-innotrans-berlin\/","name":"Stand de dise\u00f1o para Electrans en la feria Innotrans, Berl\u00edn","isPartOf":{"@id":"https:\/\/avanzaevents.com\/es\/#website"},"primaryImageOfPage":{"@id":"https:\/\/avanzaevents.com\/es\/stand-de-diseno-para-electrans-en-la-feria-innotrans-berlin\/#primaryimage"},"image":{"@id":"https:\/\/avanzaevents.com\/es\/stand-de-diseno-para-electrans-en-la-feria-innotrans-berlin\/#primaryimage"},"thumbnailUrl":"https:\/\/avanzaevents.com\/wp-content\/uploads\/2022\/10\/Sin-titulo-2.jpg","datePublished":"2022-10-05T10:25:07+00:00","dateModified":"2022-10-10T09:34:55+00:00","description":"Avanza tuvo el honor de dise\u00f1ar este stand personalizado para Electrans en la Feria Internacional sobre Tecnolog\u00eda de Transportes.","breadcrumb":{"@id":"https:\/\/avanzaevents.com\/es\/stand-de-diseno-para-electrans-en-la-feria-innotrans-berlin\/#breadcrumb"},"inLanguage":"es","potentialAction":[{"@type":"ReadAction","target":["https:\/\/avanzaevents.com\/es\/stand-de-diseno-para-electrans-en-la-feria-innotrans-berlin\/"]}]},{"@type":"ImageObject","inLanguage":"es","@id":"https:\/\/avanzaevents.com\/es\/stand-de-diseno-para-electrans-en-la-feria-innotrans-berlin\/#primaryimage","url":"https:\/\/avanzaevents.com\/wp-content\/uploads\/2022\/10\/Sin-titulo-2.jpg","contentUrl":"https:\/\/avanzaevents.com\/wp-content\/uploads\/2022\/10\/Sin-titulo-2.jpg","width":1510,"height":1019,"caption":"stand Electrans feria Innotrans Berl\u00edn"},{"@type":"BreadcrumbList","@id":"https:\/\/avanzaevents.com\/es\/stand-de-diseno-para-electrans-en-la-feria-innotrans-berlin\/#breadcrumb","itemListElement":[{"@type":"ListItem","position":1,"name":"Portada","item":"https:\/\/avanzaevents.com\/es\/"},{"@type":"ListItem","position":2,"name":"STAND DE DISE\u00d1O PARA ELECTRANS EN LA FERIA INNOTRANS (BERL\u00cdN)"}]},{"@type":"WebSite","@id":"https:\/\/avanzaevents.com\/es\/#website","url":"https:\/\/avanzaevents.com\/es\/","name":"Avanza Group","description":"Otro sitio realizado con WordPress","publisher":{"@id":"https:\/\/avanzaevents.com\/es\/#organization"},"potentialAction":[{"@type":"SearchAction","target":{"@type":"EntryPoint","urlTemplate":"https:\/\/avanzaevents.com\/es\/?s={search_term_string}"},"query-input":{"@type":"PropertyValueSpecification","valueRequired":true,"valueName":"search_term_string"}}],"inLanguage":"es"},{"@type":"Organization","@id":"https:\/\/avanzaevents.com\/es\/#organization","name":"Avanza group","url":"https:\/\/avanzaevents.com\/es\/","logo":{"@type":"ImageObject","inLanguage":"es","@id":"https:\/\/avanzaevents.com\/es\/#\/schema\/logo\/image\/","url":"https:\/\/avanzaevents.com\/wp-content\/uploads\/2020\/02\/logo300px.png","contentUrl":"https:\/\/avanzaevents.com\/wp-content\/uploads\/2020\/02\/logo300px.png","width":340,"height":125,"caption":"Avanza group"},"image":{"@id":"https:\/\/avanzaevents.com\/es\/#\/schema\/logo\/image\/"}},{"@type":"Person","@id":"https:\/\/avanzaevents.com\/es\/#\/schema\/person\/ef5a150a12d1976dae694dfbd043577a","name":"vicky","image":{"@type":"ImageObject","inLanguage":"es","@id":"https:\/\/secure.gravatar.com\/avatar\/d709368248c2960428f34a7adc442d40b7f8da20ba664aba803a029186f748d3?s=96&d=mm&r=g","url":"https:\/\/secure.gravatar.com\/avatar\/d709368248c2960428f34a7adc442d40b7f8da20ba664aba803a029186f748d3?s=96&d=mm&r=g","contentUrl":"https:\/\/secure.gravatar.com\/avatar\/d709368248c2960428f34a7adc442d40b7f8da20ba664aba803a029186f748d3?s=96&d=mm&r=g","caption":"vicky"},"url":"https:\/\/avanzaevents.com\/es\/author\/vicky\/"}]}},"_links":{"self":[{"href":"https:\/\/avanzaevents.com\/es\/wp-json\/wp\/v2\/posts\/12961","targetHints":{"allow":["GET"]}}],"collection":[{"href":"https:\/\/avanzaevents.com\/es\/wp-json\/wp\/v2\/posts"}],"about":[{"href":"https:\/\/avanzaevents.com\/es\/wp-json\/wp\/v2\/types\/post"}],"author":[{"embeddable":true,"href":"https:\/\/avanzaevents.com\/es\/wp-json\/wp\/v2\/users\/8"}],"replies":[{"embeddable":true,"href":"https:\/\/avanzaevents.com\/es\/wp-json\/wp\/v2\/comments?post=12961"}],"version-history":[{"count":0,"href":"https:\/\/avanzaevents.com\/es\/wp-json\/wp\/v2\/posts\/12961\/revisions"}],"wp:featuredmedia":[{"embeddable":true,"href":"https:\/\/avanzaevents.com\/es\/wp-json\/wp\/v2\/media\/12965"}],"wp:attachment":[{"href":"https:\/\/avanzaevents.com\/es\/wp-json\/wp\/v2\/media?parent=12961"}],"wp:term":[{"taxonomy":"category","embeddable":true,"href":"https:\/\/avanzaevents.com\/es\/wp-json\/wp\/v2\/categories?post=12961"},{"taxonomy":"post_tag","embeddable":true,"href":"https:\/\/avanzaevents.com\/es\/wp-json\/wp\/v2\/tags?post=12961"}],"curies":[{"name":"wp","href":"https:\/\/api.w.org\/{rel}","templated":true}]}}