{"id":13389,"date":"2022-11-03T21:59:16","date_gmt":"2022-11-03T20:59:16","guid":{"rendered":"https:\/\/avanzaevents.com\/?p=13389"},"modified":"2025-07-08T14:19:30","modified_gmt":"2025-07-08T12:19:30","slug":"feria-orgatec-colonia-emobook-y-boln","status":"publish","type":"post","link":"https:\/\/avanzaevents.com\/es\/feria-orgatec-colonia-emobook-y-boln\/","title":{"rendered":"FERIA ORGATEC (COLONIA): EMOBOOK Y BOLN"},"content":{"rendered":"<p>[vc_row css_animation=\u00bb\u00bb row_type=\u00bbrow\u00bb use_row_as_full_screen_section=\u00bbno\u00bb type=\u00bbfull_width\u00bb angled_section=\u00bbno\u00bb text_align=\u00bbleft\u00bb background_image_as_pattern=\u00bbwithout_pattern\u00bb][vc_column][vc_column_text]ORGATEC es la feria l\u00edder internacional de equipamiento y dispositivos de oficina, que se celebra cada dos a\u00f1os en Colonia.<\/p>\n<p>Todo el sector internacional expone en este encuentro sus innovaciones en decoraci\u00f3n, luz, ac\u00fastica y tecnolog\u00eda para conferencias.<\/p>\n<p>El p\u00fablico objetivo son arquitectos, interioristas, dise\u00f1adores, inversores\u2026 ya que la feria ofrece adem\u00e1s otras plataformas para que se produzcan conexiones de comunicaci\u00f3n mundial. Por la noche se celebra la ruta \u201cInsight Cologne\u201d, por medio de la que los visitantes pueden contemplar las oficinas y la arquitectura m\u00e1s importante de la ciudad de Colonia.<\/p>\n<p>Desde luego ORGATEC es una feria con una visi\u00f3n de futuro, ya que, como ellos mismos afirman: \u201cEl impacto de la pandemia y la transformaci\u00f3n digital han acelerado a\u00fan m\u00e1s la liberaci\u00f3n del trabajo de lugares y horarios fijos. La oficina del ma\u00f1ana puede estar en cualquier lugar&#8230; incluso en nuestras cabezas. El futuro pertenece a los trabajadores del conocimiento flexibles que trabajan de forma creativa e independiente, y pertenece a una cultura laboral que se basa m\u00e1s que nunca en la cooperaci\u00f3n, la motivaci\u00f3n y la confianza en el esp\u00edritu de asociaci\u00f3n\u201d.<\/p>\n<p>AVANZA EVENTS tuvo el honor de realizar dos stand de dise\u00f1o en esta edici\u00f3n 2022 (25-29 de octubre, Colonia), donde lo primordial era mostrar la marca de las dos firmas y una correcta iluminaci\u00f3n y exposici\u00f3n de sus productos: EMOBOOK Y BOLN.<\/p>\n<p>En ambos espacios se colocaron estructuras a\u00e9reas (truss) para soporte de los focos y proyectores, planificando concienzudamente los puntos de m\u00e1xima exposici\u00f3n de luz para destacar sus productos.<\/p>\n<p>[\/vc_column_text][\/vc_column][\/vc_row]<\/p>\n","protected":false},"excerpt":{"rendered":"<p>AVANZA EVENTS tuvo el honor de realizar dos stand de dise\u00f1o en esta edici\u00f3n 2022 de ORGATEC, la feria l\u00edder internacional de equipamiento y dispositivos de oficina, que se celebra cada dos a\u00f1os en Colonia. En esta ocasi\u00f3n se quiso mostrar la marca de las dos firmas y una correcta iluminaci\u00f3n y exposici\u00f3n de sus productos: EMOBOOK Y BOLN.<\/p>\n","protected":false},"author":8,"featured_media":13390,"comment_status":"open","ping_status":"open","sticky":false,"template":"","format":"standard","meta":{"_acf_changed":false,"site-sidebar-layout":"default","site-content-layout":"","ast-site-content-layout":"default","site-content-style":"default","site-sidebar-style":"default","ast-global-header-display":"","ast-banner-title-visibility":"","ast-main-header-display":"","ast-hfb-above-header-display":"","ast-hfb-below-header-display":"","ast-hfb-mobile-header-display":"","site-post-title":"","ast-breadcrumbs-content":"","ast-featured-img":"","footer-sml-layout":"","ast-disable-related-posts":"","theme-transparent-header-meta":"","adv-header-id-meta":"","stick-header-meta":"","header-above-stick-meta":"","header-main-stick-meta":"","header-below-stick-meta":"","astra-migrate-meta-layouts":"default","ast-page-background-enabled":"default","ast-page-background-meta":{"desktop":{"background-color":"var(--ast-global-color-5)","background-image":"","background-repeat":"repeat","background-position":"center center","background-size":"auto","background-attachment":"scroll","background-type":"","background-media":"","overlay-type":"","overlay-color":"","overlay-opacity":"","overlay-gradient":""},"tablet":{"background-color":"","background-image":"","background-repeat":"repeat","background-position":"center center","background-size":"auto","background-attachment":"scroll","background-type":"","background-media":"","overlay-type":"","overlay-color":"","overlay-opacity":"","overlay-gradient":""},"mobile":{"background-color":"","background-image":"","background-repeat":"repeat","background-position":"center center","background-size":"auto","background-attachment":"scroll","background-type":"","background-media":"","overlay-type":"","overlay-color":"","overlay-opacity":"","overlay-gradient":""}},"ast-content-background-meta":{"desktop":{"background-color":"var(--ast-global-color-4)","background-image":"","background-repeat":"repeat","background-position":"center center","background-size":"auto","background-attachment":"scroll","background-type":"","background-media":"","overlay-type":"","overlay-color":"","overlay-opacity":"","overlay-gradient":""},"tablet":{"background-color":"var(--ast-global-color-4)","background-image":"","background-repeat":"repeat","background-position":"center center","background-size":"auto","background-attachment":"scroll","background-type":"","background-media":"","overlay-type":"","overlay-color":"","overlay-opacity":"","overlay-gradient":""},"mobile":{"background-color":"var(--ast-global-color-4)","background-image":"","background-repeat":"repeat","background-position":"center center","background-size":"auto","background-attachment":"scroll","background-type":"","background-media":"","overlay-type":"","overlay-color":"","overlay-opacity":"","overlay-gradient":""}},"_joinchat":[],"footnotes":""},"categories":[6],"tags":[],"class_list":["post-13389","post","type-post","status-publish","format-standard","has-post-thumbnail","hentry","category-noticias"],"acf":[],"yoast_head":"<!-- This site is optimized with the Yoast SEO plugin v27.4 - https:\/\/yoast.com\/product\/yoast-seo-wordpress\/ -->\n<title>Emobook &amp; Boln at Orgatec Cologne |\u3010Avanza 2026 \u3011<\/title>\n<meta name=\"robots\" content=\"index, follow, max-snippet:-1, max-image-preview:large, max-video-preview:-1\" \/>\n<link rel=\"canonical\" href=\"https:\/\/avanzaevents.com\/es\/feria-orgatec-colonia-emobook-y-boln\/\" \/>\n<meta property=\"og:locale\" content=\"es_ES\" \/>\n<meta property=\"og:type\" content=\"article\" \/>\n<meta property=\"og:title\" content=\"Emobook &amp; Boln at Orgatec Cologne |\u3010Avanza 2026 \u3011\" \/>\n<meta property=\"og:description\" content=\"AVANZA EVENTS tuvo el honor de realizar dos stand de dise\u00f1o en esta edici\u00f3n 2022 de ORGATEC, la feria l\u00edder internacional de equipamiento y dispositivos de oficina, que se celebra cada dos a\u00f1os en Colonia. En esta ocasi\u00f3n se quiso mostrar la marca de las dos firmas y una correcta iluminaci\u00f3n y exposici\u00f3n de sus productos: EMOBOOK Y BOLN.\" \/>\n<meta property=\"og:url\" content=\"https:\/\/avanzaevents.com\/es\/feria-orgatec-colonia-emobook-y-boln\/\" \/>\n<meta property=\"og:site_name\" content=\"Avanza Group\" \/>\n<meta property=\"article:published_time\" content=\"2022-11-03T20:59:16+00:00\" \/>\n<meta property=\"article:modified_time\" content=\"2025-07-08T12:19:30+00:00\" \/>\n<meta property=\"og:image\" content=\"https:\/\/avanzaevents.com\/wp-content\/uploads\/2022\/11\/cartel-feria-Orgatec-Colonia.jpg\" \/>\n\t<meta property=\"og:image:width\" content=\"1000\" \/>\n\t<meta property=\"og:image:height\" content=\"674\" \/>\n\t<meta property=\"og:image:type\" content=\"image\/jpeg\" \/>\n<meta name=\"author\" content=\"vicky\" \/>\n<meta name=\"twitter:card\" content=\"summary_large_image\" \/>\n<meta name=\"twitter:label1\" content=\"Escrito por\" \/>\n\t<meta name=\"twitter:data1\" content=\"vicky\" \/>\n\t<meta name=\"twitter:label2\" content=\"Tiempo de lectura\" \/>\n\t<meta name=\"twitter:data2\" content=\"2 minutos\" \/>\n<script type=\"application\/ld+json\" class=\"yoast-schema-graph\">{\"@context\":\"https:\\\/\\\/schema.org\",\"@graph\":[{\"@type\":\"Article\",\"@id\":\"https:\\\/\\\/avanzaevents.com\\\/es\\\/feria-orgatec-colonia-emobook-y-boln\\\/#article\",\"isPartOf\":{\"@id\":\"https:\\\/\\\/avanzaevents.com\\\/es\\\/feria-orgatec-colonia-emobook-y-boln\\\/\"},\"author\":{\"name\":\"vicky\",\"@id\":\"https:\\\/\\\/avanzaevents.com\\\/es\\\/#\\\/schema\\\/person\\\/ef5a150a12d1976dae694dfbd043577a\"},\"headline\":\"FERIA ORGATEC (COLONIA): EMOBOOK Y BOLN\",\"datePublished\":\"2022-11-03T20:59:16+00:00\",\"dateModified\":\"2025-07-08T12:19:30+00:00\",\"mainEntityOfPage\":{\"@id\":\"https:\\\/\\\/avanzaevents.com\\\/es\\\/feria-orgatec-colonia-emobook-y-boln\\\/\"},\"wordCount\":329,\"commentCount\":0,\"publisher\":{\"@id\":\"https:\\\/\\\/avanzaevents.com\\\/es\\\/#organization\"},\"image\":{\"@id\":\"https:\\\/\\\/avanzaevents.com\\\/es\\\/feria-orgatec-colonia-emobook-y-boln\\\/#primaryimage\"},\"thumbnailUrl\":\"https:\\\/\\\/avanzaevents.com\\\/wp-content\\\/uploads\\\/2022\\\/11\\\/cartel-feria-Orgatec-Colonia.jpg\",\"articleSection\":[\"Internacional\"],\"inLanguage\":\"es\",\"potentialAction\":[{\"@type\":\"CommentAction\",\"name\":\"Comment\",\"target\":[\"https:\\\/\\\/avanzaevents.com\\\/es\\\/feria-orgatec-colonia-emobook-y-boln\\\/#respond\"]}]},{\"@type\":\"WebPage\",\"@id\":\"https:\\\/\\\/avanzaevents.com\\\/es\\\/feria-orgatec-colonia-emobook-y-boln\\\/\",\"url\":\"https:\\\/\\\/avanzaevents.com\\\/es\\\/feria-orgatec-colonia-emobook-y-boln\\\/\",\"name\":\"Emobook & Boln at Orgatec Cologne |\u3010Avanza 2026 \u3011\",\"isPartOf\":{\"@id\":\"https:\\\/\\\/avanzaevents.com\\\/es\\\/#website\"},\"primaryImageOfPage\":{\"@id\":\"https:\\\/\\\/avanzaevents.com\\\/es\\\/feria-orgatec-colonia-emobook-y-boln\\\/#primaryimage\"},\"image\":{\"@id\":\"https:\\\/\\\/avanzaevents.com\\\/es\\\/feria-orgatec-colonia-emobook-y-boln\\\/#primaryimage\"},\"thumbnailUrl\":\"https:\\\/\\\/avanzaevents.com\\\/wp-content\\\/uploads\\\/2022\\\/11\\\/cartel-feria-Orgatec-Colonia.jpg\",\"datePublished\":\"2022-11-03T20:59:16+00:00\",\"dateModified\":\"2025-07-08T12:19:30+00:00\",\"breadcrumb\":{\"@id\":\"https:\\\/\\\/avanzaevents.com\\\/es\\\/feria-orgatec-colonia-emobook-y-boln\\\/#breadcrumb\"},\"inLanguage\":\"es\",\"potentialAction\":[{\"@type\":\"ReadAction\",\"target\":[\"https:\\\/\\\/avanzaevents.com\\\/es\\\/feria-orgatec-colonia-emobook-y-boln\\\/\"]}]},{\"@type\":\"ImageObject\",\"inLanguage\":\"es\",\"@id\":\"https:\\\/\\\/avanzaevents.com\\\/es\\\/feria-orgatec-colonia-emobook-y-boln\\\/#primaryimage\",\"url\":\"https:\\\/\\\/avanzaevents.com\\\/wp-content\\\/uploads\\\/2022\\\/11\\\/cartel-feria-Orgatec-Colonia.jpg\",\"contentUrl\":\"https:\\\/\\\/avanzaevents.com\\\/wp-content\\\/uploads\\\/2022\\\/11\\\/cartel-feria-Orgatec-Colonia.jpg\",\"width\":1000,\"height\":674,\"caption\":\"feria Orgatec Colonia EMOBOOK BOLN\"},{\"@type\":\"BreadcrumbList\",\"@id\":\"https:\\\/\\\/avanzaevents.com\\\/es\\\/feria-orgatec-colonia-emobook-y-boln\\\/#breadcrumb\",\"itemListElement\":[{\"@type\":\"ListItem\",\"position\":1,\"name\":\"Portada\",\"item\":\"https:\\\/\\\/avanzaevents.com\\\/es\\\/\"},{\"@type\":\"ListItem\",\"position\":2,\"name\":\"FERIA ORGATEC (COLONIA): EMOBOOK Y BOLN\"}]},{\"@type\":\"WebSite\",\"@id\":\"https:\\\/\\\/avanzaevents.com\\\/es\\\/#website\",\"url\":\"https:\\\/\\\/avanzaevents.com\\\/es\\\/\",\"name\":\"Avanza Group\",\"description\":\"Otro sitio realizado con WordPress\",\"publisher\":{\"@id\":\"https:\\\/\\\/avanzaevents.com\\\/es\\\/#organization\"},\"potentialAction\":[{\"@type\":\"SearchAction\",\"target\":{\"@type\":\"EntryPoint\",\"urlTemplate\":\"https:\\\/\\\/avanzaevents.com\\\/es\\\/?s={search_term_string}\"},\"query-input\":{\"@type\":\"PropertyValueSpecification\",\"valueRequired\":true,\"valueName\":\"search_term_string\"}}],\"inLanguage\":\"es\"},{\"@type\":\"Organization\",\"@id\":\"https:\\\/\\\/avanzaevents.com\\\/es\\\/#organization\",\"name\":\"Avanza group\",\"url\":\"https:\\\/\\\/avanzaevents.com\\\/es\\\/\",\"logo\":{\"@type\":\"ImageObject\",\"inLanguage\":\"es\",\"@id\":\"https:\\\/\\\/avanzaevents.com\\\/es\\\/#\\\/schema\\\/logo\\\/image\\\/\",\"url\":\"https:\\\/\\\/avanzaevents.com\\\/wp-content\\\/uploads\\\/2020\\\/02\\\/logo300px.png\",\"contentUrl\":\"https:\\\/\\\/avanzaevents.com\\\/wp-content\\\/uploads\\\/2020\\\/02\\\/logo300px.png\",\"width\":340,\"height\":125,\"caption\":\"Avanza group\"},\"image\":{\"@id\":\"https:\\\/\\\/avanzaevents.com\\\/es\\\/#\\\/schema\\\/logo\\\/image\\\/\"}},{\"@type\":\"Person\",\"@id\":\"https:\\\/\\\/avanzaevents.com\\\/es\\\/#\\\/schema\\\/person\\\/ef5a150a12d1976dae694dfbd043577a\",\"name\":\"vicky\",\"image\":{\"@type\":\"ImageObject\",\"inLanguage\":\"es\",\"@id\":\"https:\\\/\\\/secure.gravatar.com\\\/avatar\\\/d709368248c2960428f34a7adc442d40b7f8da20ba664aba803a029186f748d3?s=96&d=mm&r=g\",\"url\":\"https:\\\/\\\/secure.gravatar.com\\\/avatar\\\/d709368248c2960428f34a7adc442d40b7f8da20ba664aba803a029186f748d3?s=96&d=mm&r=g\",\"contentUrl\":\"https:\\\/\\\/secure.gravatar.com\\\/avatar\\\/d709368248c2960428f34a7adc442d40b7f8da20ba664aba803a029186f748d3?s=96&d=mm&r=g\",\"caption\":\"vicky\"},\"url\":\"https:\\\/\\\/avanzaevents.com\\\/es\\\/author\\\/vicky\\\/\"}]}<\/script>\n<!-- \/ Yoast SEO plugin. -->","yoast_head_json":{"title":"Emobook & Boln at Orgatec Cologne |\u3010Avanza 2026 \u3011","robots":{"index":"index","follow":"follow","max-snippet":"max-snippet:-1","max-image-preview":"max-image-preview:large","max-video-preview":"max-video-preview:-1"},"canonical":"https:\/\/avanzaevents.com\/es\/feria-orgatec-colonia-emobook-y-boln\/","og_locale":"es_ES","og_type":"article","og_title":"Emobook & Boln at Orgatec Cologne |\u3010Avanza 2026 \u3011","og_description":"AVANZA EVENTS tuvo el honor de realizar dos stand de dise\u00f1o en esta edici\u00f3n 2022 de ORGATEC, la feria l\u00edder internacional de equipamiento y dispositivos de oficina, que se celebra cada dos a\u00f1os en Colonia. En esta ocasi\u00f3n se quiso mostrar la marca de las dos firmas y una correcta iluminaci\u00f3n y exposici\u00f3n de sus productos: EMOBOOK Y BOLN.","og_url":"https:\/\/avanzaevents.com\/es\/feria-orgatec-colonia-emobook-y-boln\/","og_site_name":"Avanza Group","article_published_time":"2022-11-03T20:59:16+00:00","article_modified_time":"2025-07-08T12:19:30+00:00","og_image":[{"width":1000,"height":674,"url":"https:\/\/avanzaevents.com\/wp-content\/uploads\/2022\/11\/cartel-feria-Orgatec-Colonia.jpg","type":"image\/jpeg"}],"author":"vicky","twitter_card":"summary_large_image","twitter_misc":{"Escrito por":"vicky","Tiempo de lectura":"2 minutos"},"schema":{"@context":"https:\/\/schema.org","@graph":[{"@type":"Article","@id":"https:\/\/avanzaevents.com\/es\/feria-orgatec-colonia-emobook-y-boln\/#article","isPartOf":{"@id":"https:\/\/avanzaevents.com\/es\/feria-orgatec-colonia-emobook-y-boln\/"},"author":{"name":"vicky","@id":"https:\/\/avanzaevents.com\/es\/#\/schema\/person\/ef5a150a12d1976dae694dfbd043577a"},"headline":"FERIA ORGATEC (COLONIA): EMOBOOK Y BOLN","datePublished":"2022-11-03T20:59:16+00:00","dateModified":"2025-07-08T12:19:30+00:00","mainEntityOfPage":{"@id":"https:\/\/avanzaevents.com\/es\/feria-orgatec-colonia-emobook-y-boln\/"},"wordCount":329,"commentCount":0,"publisher":{"@id":"https:\/\/avanzaevents.com\/es\/#organization"},"image":{"@id":"https:\/\/avanzaevents.com\/es\/feria-orgatec-colonia-emobook-y-boln\/#primaryimage"},"thumbnailUrl":"https:\/\/avanzaevents.com\/wp-content\/uploads\/2022\/11\/cartel-feria-Orgatec-Colonia.jpg","articleSection":["Internacional"],"inLanguage":"es","potentialAction":[{"@type":"CommentAction","name":"Comment","target":["https:\/\/avanzaevents.com\/es\/feria-orgatec-colonia-emobook-y-boln\/#respond"]}]},{"@type":"WebPage","@id":"https:\/\/avanzaevents.com\/es\/feria-orgatec-colonia-emobook-y-boln\/","url":"https:\/\/avanzaevents.com\/es\/feria-orgatec-colonia-emobook-y-boln\/","name":"Emobook & Boln at Orgatec Cologne |\u3010Avanza 2026 \u3011","isPartOf":{"@id":"https:\/\/avanzaevents.com\/es\/#website"},"primaryImageOfPage":{"@id":"https:\/\/avanzaevents.com\/es\/feria-orgatec-colonia-emobook-y-boln\/#primaryimage"},"image":{"@id":"https:\/\/avanzaevents.com\/es\/feria-orgatec-colonia-emobook-y-boln\/#primaryimage"},"thumbnailUrl":"https:\/\/avanzaevents.com\/wp-content\/uploads\/2022\/11\/cartel-feria-Orgatec-Colonia.jpg","datePublished":"2022-11-03T20:59:16+00:00","dateModified":"2025-07-08T12:19:30+00:00","breadcrumb":{"@id":"https:\/\/avanzaevents.com\/es\/feria-orgatec-colonia-emobook-y-boln\/#breadcrumb"},"inLanguage":"es","potentialAction":[{"@type":"ReadAction","target":["https:\/\/avanzaevents.com\/es\/feria-orgatec-colonia-emobook-y-boln\/"]}]},{"@type":"ImageObject","inLanguage":"es","@id":"https:\/\/avanzaevents.com\/es\/feria-orgatec-colonia-emobook-y-boln\/#primaryimage","url":"https:\/\/avanzaevents.com\/wp-content\/uploads\/2022\/11\/cartel-feria-Orgatec-Colonia.jpg","contentUrl":"https:\/\/avanzaevents.com\/wp-content\/uploads\/2022\/11\/cartel-feria-Orgatec-Colonia.jpg","width":1000,"height":674,"caption":"feria Orgatec Colonia EMOBOOK BOLN"},{"@type":"BreadcrumbList","@id":"https:\/\/avanzaevents.com\/es\/feria-orgatec-colonia-emobook-y-boln\/#breadcrumb","itemListElement":[{"@type":"ListItem","position":1,"name":"Portada","item":"https:\/\/avanzaevents.com\/es\/"},{"@type":"ListItem","position":2,"name":"FERIA ORGATEC (COLONIA): EMOBOOK Y BOLN"}]},{"@type":"WebSite","@id":"https:\/\/avanzaevents.com\/es\/#website","url":"https:\/\/avanzaevents.com\/es\/","name":"Avanza Group","description":"Otro sitio realizado con WordPress","publisher":{"@id":"https:\/\/avanzaevents.com\/es\/#organization"},"potentialAction":[{"@type":"SearchAction","target":{"@type":"EntryPoint","urlTemplate":"https:\/\/avanzaevents.com\/es\/?s={search_term_string}"},"query-input":{"@type":"PropertyValueSpecification","valueRequired":true,"valueName":"search_term_string"}}],"inLanguage":"es"},{"@type":"Organization","@id":"https:\/\/avanzaevents.com\/es\/#organization","name":"Avanza group","url":"https:\/\/avanzaevents.com\/es\/","logo":{"@type":"ImageObject","inLanguage":"es","@id":"https:\/\/avanzaevents.com\/es\/#\/schema\/logo\/image\/","url":"https:\/\/avanzaevents.com\/wp-content\/uploads\/2020\/02\/logo300px.png","contentUrl":"https:\/\/avanzaevents.com\/wp-content\/uploads\/2020\/02\/logo300px.png","width":340,"height":125,"caption":"Avanza group"},"image":{"@id":"https:\/\/avanzaevents.com\/es\/#\/schema\/logo\/image\/"}},{"@type":"Person","@id":"https:\/\/avanzaevents.com\/es\/#\/schema\/person\/ef5a150a12d1976dae694dfbd043577a","name":"vicky","image":{"@type":"ImageObject","inLanguage":"es","@id":"https:\/\/secure.gravatar.com\/avatar\/d709368248c2960428f34a7adc442d40b7f8da20ba664aba803a029186f748d3?s=96&d=mm&r=g","url":"https:\/\/secure.gravatar.com\/avatar\/d709368248c2960428f34a7adc442d40b7f8da20ba664aba803a029186f748d3?s=96&d=mm&r=g","contentUrl":"https:\/\/secure.gravatar.com\/avatar\/d709368248c2960428f34a7adc442d40b7f8da20ba664aba803a029186f748d3?s=96&d=mm&r=g","caption":"vicky"},"url":"https:\/\/avanzaevents.com\/es\/author\/vicky\/"}]}},"_links":{"self":[{"href":"https:\/\/avanzaevents.com\/es\/wp-json\/wp\/v2\/posts\/13389","targetHints":{"allow":["GET"]}}],"collection":[{"href":"https:\/\/avanzaevents.com\/es\/wp-json\/wp\/v2\/posts"}],"about":[{"href":"https:\/\/avanzaevents.com\/es\/wp-json\/wp\/v2\/types\/post"}],"author":[{"embeddable":true,"href":"https:\/\/avanzaevents.com\/es\/wp-json\/wp\/v2\/users\/8"}],"replies":[{"embeddable":true,"href":"https:\/\/avanzaevents.com\/es\/wp-json\/wp\/v2\/comments?post=13389"}],"version-history":[{"count":1,"href":"https:\/\/avanzaevents.com\/es\/wp-json\/wp\/v2\/posts\/13389\/revisions"}],"predecessor-version":[{"id":23226,"href":"https:\/\/avanzaevents.com\/es\/wp-json\/wp\/v2\/posts\/13389\/revisions\/23226"}],"wp:featuredmedia":[{"embeddable":true,"href":"https:\/\/avanzaevents.com\/es\/wp-json\/wp\/v2\/media\/13390"}],"wp:attachment":[{"href":"https:\/\/avanzaevents.com\/es\/wp-json\/wp\/v2\/media?parent=13389"}],"wp:term":[{"taxonomy":"category","embeddable":true,"href":"https:\/\/avanzaevents.com\/es\/wp-json\/wp\/v2\/categories?post=13389"},{"taxonomy":"post_tag","embeddable":true,"href":"https:\/\/avanzaevents.com\/es\/wp-json\/wp\/v2\/tags?post=13389"}],"curies":[{"name":"wp","href":"https:\/\/api.w.org\/{rel}","templated":true}]}}