{"id":13408,"date":"2022-11-03T22:12:35","date_gmt":"2022-11-03T21:12:35","guid":{"rendered":"https:\/\/avanzaevents.com\/?p=13408"},"modified":"2025-07-08T14:19:02","modified_gmt":"2025-07-08T12:19:02","slug":"extrusax-y-alsan-en-la-feria-aluminium-en-dusseldorf","status":"publish","type":"post","link":"https:\/\/avanzaevents.com\/es\/extrusax-y-alsan-en-la-feria-aluminium-en-dusseldorf\/","title":{"rendered":"EXTRUSAX y ALSAN en la feria ALUMINIUM en DUSSELDORF"},"content":{"rendered":"<p>[vc_row css_animation=\u00bb\u00bb row_type=\u00bbrow\u00bb use_row_as_full_screen_section=\u00bbno\u00bb type=\u00bbfull_width\u00bb angled_section=\u00bbno\u00bb text_align=\u00bbleft\u00bb background_image_as_pattern=\u00bbwithout_pattern\u00bb][vc_column][vc_column_text]EXTRUSAX y ALSAN acudieron a la feria ALUMINIUM en DUSSELDORF, celebrada por 13\u00aa vez a finales de septiembre de 2022.<\/p>\n<p>AVANZA EVENTS construy\u00f3 sus stand de carpinter\u00eda de dise\u00f1o incorporando en ambos casos estructuras a\u00e9reas enteladas para exhibir su marca a m\u00e1xima altura e iluminar su espacio de manera eficiente.<\/p>\n<p>Ambos eran stands corporativos donde el objetivo principal era destacar su marca y sus colores, pero tambi\u00e9n se crearon varios espacios para exponer sus productos e im\u00e1genes, al igual que varias zonas de reuni\u00f3n comercial para poder realizar sus negociaciones.<\/p>\n<p>El resultado fue un \u00e9xito rotundo. Esperamos volver la pr\u00f3xima edici\u00f3n en 2024 con estos clientes. Con los que repetiremos y continuaremos una relaci\u00f3n satisfactoria.<\/p>\n<p>UNA VEZ M\u00c1S, UN TRABAJO BIEN HECHO POR PARTE DEL EQUIPO DE AVANZA EVENTS, al que queremos hace run reconocimiento p\u00fablico.<\/p>\n<p>&nbsp;<\/p>\n<p>La feria Aluminium en Dusseldorf es la m\u00e1s importante del mundo para la industria del aluminio. Se celebra cada dos a\u00f1os y es la referencia para todos los negocios que rodean al aluminio, incluyendo a fabricantes de maquinaria, procesamiento y productos acabados de aluminio.<\/p>\n<p>Esta feria se dirige a un p\u00fablico especialista, e incluye una conferencia sobre el aluminio en la que se tratan los temas actuales del sector. La oferta de la feria se perfecciona con el congreso que celebra la Asociaci\u00f3n Alemana de la Industria del Aluminio (GDA, por sus siglas en alem\u00e1n).[\/vc_column_text][\/vc_column][\/vc_row]<\/p>\n","protected":false},"excerpt":{"rendered":"<p>La feria Aluminium en Dusseldorf es la m\u00e1s importante del mundo para la industria del aluminio. AVANZA EVENTS construy\u00f3 sus stand de carpinter\u00eda de dise\u00f1o para EXTRUSAX y ALSAN.<\/p>\n","protected":false},"author":8,"featured_media":13409,"comment_status":"open","ping_status":"open","sticky":false,"template":"","format":"standard","meta":{"_acf_changed":false,"site-sidebar-layout":"default","site-content-layout":"","ast-site-content-layout":"default","site-content-style":"default","site-sidebar-style":"default","ast-global-header-display":"","ast-banner-title-visibility":"","ast-main-header-display":"","ast-hfb-above-header-display":"","ast-hfb-below-header-display":"","ast-hfb-mobile-header-display":"","site-post-title":"","ast-breadcrumbs-content":"","ast-featured-img":"","footer-sml-layout":"","ast-disable-related-posts":"","theme-transparent-header-meta":"","adv-header-id-meta":"","stick-header-meta":"","header-above-stick-meta":"","header-main-stick-meta":"","header-below-stick-meta":"","astra-migrate-meta-layouts":"default","ast-page-background-enabled":"default","ast-page-background-meta":{"desktop":{"background-color":"var(--ast-global-color-5)","background-image":"","background-repeat":"repeat","background-position":"center center","background-size":"auto","background-attachment":"scroll","background-type":"","background-media":"","overlay-type":"","overlay-color":"","overlay-opacity":"","overlay-gradient":""},"tablet":{"background-color":"","background-image":"","background-repeat":"repeat","background-position":"center center","background-size":"auto","background-attachment":"scroll","background-type":"","background-media":"","overlay-type":"","overlay-color":"","overlay-opacity":"","overlay-gradient":""},"mobile":{"background-color":"","background-image":"","background-repeat":"repeat","background-position":"center center","background-size":"auto","background-attachment":"scroll","background-type":"","background-media":"","overlay-type":"","overlay-color":"","overlay-opacity":"","overlay-gradient":""}},"ast-content-background-meta":{"desktop":{"background-color":"var(--ast-global-color-4)","background-image":"","background-repeat":"repeat","background-position":"center center","background-size":"auto","background-attachment":"scroll","background-type":"","background-media":"","overlay-type":"","overlay-color":"","overlay-opacity":"","overlay-gradient":""},"tablet":{"background-color":"var(--ast-global-color-4)","background-image":"","background-repeat":"repeat","background-position":"center center","background-size":"auto","background-attachment":"scroll","background-type":"","background-media":"","overlay-type":"","overlay-color":"","overlay-opacity":"","overlay-gradient":""},"mobile":{"background-color":"var(--ast-global-color-4)","background-image":"","background-repeat":"repeat","background-position":"center center","background-size":"auto","background-attachment":"scroll","background-type":"","background-media":"","overlay-type":"","overlay-color":"","overlay-opacity":"","overlay-gradient":""}},"_joinchat":[],"footnotes":""},"categories":[6],"tags":[],"class_list":["post-13408","post","type-post","status-publish","format-standard","has-post-thumbnail","hentry","category-noticias"],"acf":[],"yoast_head":"<!-- This site is optimized with the Yoast SEO plugin v27.4 - https:\/\/yoast.com\/product\/yoast-seo-wordpress\/ -->\n<title>Extrusax &amp; Alsan at Aluminium D\u00fcsseldorf |\u3010Avanza\u3011<\/title>\n<meta name=\"robots\" content=\"index, follow, max-snippet:-1, max-image-preview:large, max-video-preview:-1\" \/>\n<link rel=\"canonical\" href=\"https:\/\/avanzaevents.com\/es\/extrusax-y-alsan-en-la-feria-aluminium-en-dusseldorf\/\" \/>\n<meta property=\"og:locale\" content=\"es_ES\" \/>\n<meta property=\"og:type\" content=\"article\" \/>\n<meta property=\"og:title\" content=\"Extrusax &amp; Alsan at Aluminium D\u00fcsseldorf |\u3010Avanza\u3011\" \/>\n<meta property=\"og:description\" content=\"La feria Aluminium en Dusseldorf es la m\u00e1s importante del mundo para la industria del aluminio. AVANZA EVENTS construy\u00f3 sus stand de carpinter\u00eda de dise\u00f1o para EXTRUSAX y ALSAN.\" \/>\n<meta property=\"og:url\" content=\"https:\/\/avanzaevents.com\/es\/extrusax-y-alsan-en-la-feria-aluminium-en-dusseldorf\/\" \/>\n<meta property=\"og:site_name\" content=\"Avanza Group\" \/>\n<meta property=\"article:published_time\" content=\"2022-11-03T21:12:35+00:00\" \/>\n<meta property=\"article:modified_time\" content=\"2025-07-08T12:19:02+00:00\" \/>\n<meta property=\"og:image\" content=\"https:\/\/avanzaevents.com\/wp-content\/uploads\/2022\/11\/feria-Aluminium-2022.jpg\" \/>\n\t<meta property=\"og:image:width\" content=\"1082\" \/>\n\t<meta property=\"og:image:height\" content=\"630\" \/>\n\t<meta property=\"og:image:type\" content=\"image\/jpeg\" \/>\n<meta name=\"author\" content=\"vicky\" \/>\n<meta name=\"twitter:card\" content=\"summary_large_image\" \/>\n<meta name=\"twitter:label1\" content=\"Escrito por\" \/>\n\t<meta name=\"twitter:data1\" content=\"vicky\" \/>\n\t<meta name=\"twitter:label2\" content=\"Tiempo de lectura\" \/>\n\t<meta name=\"twitter:data2\" content=\"1 minuto\" \/>\n<script type=\"application\/ld+json\" class=\"yoast-schema-graph\">{\"@context\":\"https:\\\/\\\/schema.org\",\"@graph\":[{\"@type\":\"Article\",\"@id\":\"https:\\\/\\\/avanzaevents.com\\\/es\\\/extrusax-y-alsan-en-la-feria-aluminium-en-dusseldorf\\\/#article\",\"isPartOf\":{\"@id\":\"https:\\\/\\\/avanzaevents.com\\\/es\\\/extrusax-y-alsan-en-la-feria-aluminium-en-dusseldorf\\\/\"},\"author\":{\"name\":\"vicky\",\"@id\":\"https:\\\/\\\/avanzaevents.com\\\/es\\\/#\\\/schema\\\/person\\\/ef5a150a12d1976dae694dfbd043577a\"},\"headline\":\"EXTRUSAX y ALSAN en la feria ALUMINIUM en DUSSELDORF\",\"datePublished\":\"2022-11-03T21:12:35+00:00\",\"dateModified\":\"2025-07-08T12:19:02+00:00\",\"mainEntityOfPage\":{\"@id\":\"https:\\\/\\\/avanzaevents.com\\\/es\\\/extrusax-y-alsan-en-la-feria-aluminium-en-dusseldorf\\\/\"},\"wordCount\":296,\"commentCount\":0,\"publisher\":{\"@id\":\"https:\\\/\\\/avanzaevents.com\\\/es\\\/#organization\"},\"image\":{\"@id\":\"https:\\\/\\\/avanzaevents.com\\\/es\\\/extrusax-y-alsan-en-la-feria-aluminium-en-dusseldorf\\\/#primaryimage\"},\"thumbnailUrl\":\"https:\\\/\\\/avanzaevents.com\\\/wp-content\\\/uploads\\\/2022\\\/11\\\/feria-Aluminium-2022.jpg\",\"articleSection\":[\"Internacional\"],\"inLanguage\":\"es\",\"potentialAction\":[{\"@type\":\"CommentAction\",\"name\":\"Comment\",\"target\":[\"https:\\\/\\\/avanzaevents.com\\\/es\\\/extrusax-y-alsan-en-la-feria-aluminium-en-dusseldorf\\\/#respond\"]}]},{\"@type\":\"WebPage\",\"@id\":\"https:\\\/\\\/avanzaevents.com\\\/es\\\/extrusax-y-alsan-en-la-feria-aluminium-en-dusseldorf\\\/\",\"url\":\"https:\\\/\\\/avanzaevents.com\\\/es\\\/extrusax-y-alsan-en-la-feria-aluminium-en-dusseldorf\\\/\",\"name\":\"Extrusax & Alsan at Aluminium D\u00fcsseldorf |\u3010Avanza\u3011\",\"isPartOf\":{\"@id\":\"https:\\\/\\\/avanzaevents.com\\\/es\\\/#website\"},\"primaryImageOfPage\":{\"@id\":\"https:\\\/\\\/avanzaevents.com\\\/es\\\/extrusax-y-alsan-en-la-feria-aluminium-en-dusseldorf\\\/#primaryimage\"},\"image\":{\"@id\":\"https:\\\/\\\/avanzaevents.com\\\/es\\\/extrusax-y-alsan-en-la-feria-aluminium-en-dusseldorf\\\/#primaryimage\"},\"thumbnailUrl\":\"https:\\\/\\\/avanzaevents.com\\\/wp-content\\\/uploads\\\/2022\\\/11\\\/feria-Aluminium-2022.jpg\",\"datePublished\":\"2022-11-03T21:12:35+00:00\",\"dateModified\":\"2025-07-08T12:19:02+00:00\",\"breadcrumb\":{\"@id\":\"https:\\\/\\\/avanzaevents.com\\\/es\\\/extrusax-y-alsan-en-la-feria-aluminium-en-dusseldorf\\\/#breadcrumb\"},\"inLanguage\":\"es\",\"potentialAction\":[{\"@type\":\"ReadAction\",\"target\":[\"https:\\\/\\\/avanzaevents.com\\\/es\\\/extrusax-y-alsan-en-la-feria-aluminium-en-dusseldorf\\\/\"]}]},{\"@type\":\"ImageObject\",\"inLanguage\":\"es\",\"@id\":\"https:\\\/\\\/avanzaevents.com\\\/es\\\/extrusax-y-alsan-en-la-feria-aluminium-en-dusseldorf\\\/#primaryimage\",\"url\":\"https:\\\/\\\/avanzaevents.com\\\/wp-content\\\/uploads\\\/2022\\\/11\\\/feria-Aluminium-2022.jpg\",\"contentUrl\":\"https:\\\/\\\/avanzaevents.com\\\/wp-content\\\/uploads\\\/2022\\\/11\\\/feria-Aluminium-2022.jpg\",\"width\":1082,\"height\":630,\"caption\":\"feria Aluminiun Extrusax y Alsan\"},{\"@type\":\"BreadcrumbList\",\"@id\":\"https:\\\/\\\/avanzaevents.com\\\/es\\\/extrusax-y-alsan-en-la-feria-aluminium-en-dusseldorf\\\/#breadcrumb\",\"itemListElement\":[{\"@type\":\"ListItem\",\"position\":1,\"name\":\"Portada\",\"item\":\"https:\\\/\\\/avanzaevents.com\\\/es\\\/\"},{\"@type\":\"ListItem\",\"position\":2,\"name\":\"EXTRUSAX y ALSAN en la feria ALUMINIUM en DUSSELDORF\"}]},{\"@type\":\"WebSite\",\"@id\":\"https:\\\/\\\/avanzaevents.com\\\/es\\\/#website\",\"url\":\"https:\\\/\\\/avanzaevents.com\\\/es\\\/\",\"name\":\"Avanza Group\",\"description\":\"Otro sitio realizado con WordPress\",\"publisher\":{\"@id\":\"https:\\\/\\\/avanzaevents.com\\\/es\\\/#organization\"},\"potentialAction\":[{\"@type\":\"SearchAction\",\"target\":{\"@type\":\"EntryPoint\",\"urlTemplate\":\"https:\\\/\\\/avanzaevents.com\\\/es\\\/?s={search_term_string}\"},\"query-input\":{\"@type\":\"PropertyValueSpecification\",\"valueRequired\":true,\"valueName\":\"search_term_string\"}}],\"inLanguage\":\"es\"},{\"@type\":\"Organization\",\"@id\":\"https:\\\/\\\/avanzaevents.com\\\/es\\\/#organization\",\"name\":\"Avanza group\",\"url\":\"https:\\\/\\\/avanzaevents.com\\\/es\\\/\",\"logo\":{\"@type\":\"ImageObject\",\"inLanguage\":\"es\",\"@id\":\"https:\\\/\\\/avanzaevents.com\\\/es\\\/#\\\/schema\\\/logo\\\/image\\\/\",\"url\":\"https:\\\/\\\/avanzaevents.com\\\/wp-content\\\/uploads\\\/2020\\\/02\\\/logo300px.png\",\"contentUrl\":\"https:\\\/\\\/avanzaevents.com\\\/wp-content\\\/uploads\\\/2020\\\/02\\\/logo300px.png\",\"width\":340,\"height\":125,\"caption\":\"Avanza group\"},\"image\":{\"@id\":\"https:\\\/\\\/avanzaevents.com\\\/es\\\/#\\\/schema\\\/logo\\\/image\\\/\"}},{\"@type\":\"Person\",\"@id\":\"https:\\\/\\\/avanzaevents.com\\\/es\\\/#\\\/schema\\\/person\\\/ef5a150a12d1976dae694dfbd043577a\",\"name\":\"vicky\",\"image\":{\"@type\":\"ImageObject\",\"inLanguage\":\"es\",\"@id\":\"https:\\\/\\\/secure.gravatar.com\\\/avatar\\\/d709368248c2960428f34a7adc442d40b7f8da20ba664aba803a029186f748d3?s=96&d=mm&r=g\",\"url\":\"https:\\\/\\\/secure.gravatar.com\\\/avatar\\\/d709368248c2960428f34a7adc442d40b7f8da20ba664aba803a029186f748d3?s=96&d=mm&r=g\",\"contentUrl\":\"https:\\\/\\\/secure.gravatar.com\\\/avatar\\\/d709368248c2960428f34a7adc442d40b7f8da20ba664aba803a029186f748d3?s=96&d=mm&r=g\",\"caption\":\"vicky\"},\"url\":\"https:\\\/\\\/avanzaevents.com\\\/es\\\/author\\\/vicky\\\/\"}]}<\/script>\n<!-- \/ Yoast SEO plugin. -->","yoast_head_json":{"title":"Extrusax & Alsan at Aluminium D\u00fcsseldorf |\u3010Avanza\u3011","robots":{"index":"index","follow":"follow","max-snippet":"max-snippet:-1","max-image-preview":"max-image-preview:large","max-video-preview":"max-video-preview:-1"},"canonical":"https:\/\/avanzaevents.com\/es\/extrusax-y-alsan-en-la-feria-aluminium-en-dusseldorf\/","og_locale":"es_ES","og_type":"article","og_title":"Extrusax & Alsan at Aluminium D\u00fcsseldorf |\u3010Avanza\u3011","og_description":"La feria Aluminium en Dusseldorf es la m\u00e1s importante del mundo para la industria del aluminio. AVANZA EVENTS construy\u00f3 sus stand de carpinter\u00eda de dise\u00f1o para EXTRUSAX y ALSAN.","og_url":"https:\/\/avanzaevents.com\/es\/extrusax-y-alsan-en-la-feria-aluminium-en-dusseldorf\/","og_site_name":"Avanza Group","article_published_time":"2022-11-03T21:12:35+00:00","article_modified_time":"2025-07-08T12:19:02+00:00","og_image":[{"width":1082,"height":630,"url":"https:\/\/avanzaevents.com\/wp-content\/uploads\/2022\/11\/feria-Aluminium-2022.jpg","type":"image\/jpeg"}],"author":"vicky","twitter_card":"summary_large_image","twitter_misc":{"Escrito por":"vicky","Tiempo de lectura":"1 minuto"},"schema":{"@context":"https:\/\/schema.org","@graph":[{"@type":"Article","@id":"https:\/\/avanzaevents.com\/es\/extrusax-y-alsan-en-la-feria-aluminium-en-dusseldorf\/#article","isPartOf":{"@id":"https:\/\/avanzaevents.com\/es\/extrusax-y-alsan-en-la-feria-aluminium-en-dusseldorf\/"},"author":{"name":"vicky","@id":"https:\/\/avanzaevents.com\/es\/#\/schema\/person\/ef5a150a12d1976dae694dfbd043577a"},"headline":"EXTRUSAX y ALSAN en la feria ALUMINIUM en DUSSELDORF","datePublished":"2022-11-03T21:12:35+00:00","dateModified":"2025-07-08T12:19:02+00:00","mainEntityOfPage":{"@id":"https:\/\/avanzaevents.com\/es\/extrusax-y-alsan-en-la-feria-aluminium-en-dusseldorf\/"},"wordCount":296,"commentCount":0,"publisher":{"@id":"https:\/\/avanzaevents.com\/es\/#organization"},"image":{"@id":"https:\/\/avanzaevents.com\/es\/extrusax-y-alsan-en-la-feria-aluminium-en-dusseldorf\/#primaryimage"},"thumbnailUrl":"https:\/\/avanzaevents.com\/wp-content\/uploads\/2022\/11\/feria-Aluminium-2022.jpg","articleSection":["Internacional"],"inLanguage":"es","potentialAction":[{"@type":"CommentAction","name":"Comment","target":["https:\/\/avanzaevents.com\/es\/extrusax-y-alsan-en-la-feria-aluminium-en-dusseldorf\/#respond"]}]},{"@type":"WebPage","@id":"https:\/\/avanzaevents.com\/es\/extrusax-y-alsan-en-la-feria-aluminium-en-dusseldorf\/","url":"https:\/\/avanzaevents.com\/es\/extrusax-y-alsan-en-la-feria-aluminium-en-dusseldorf\/","name":"Extrusax & Alsan at Aluminium D\u00fcsseldorf |\u3010Avanza\u3011","isPartOf":{"@id":"https:\/\/avanzaevents.com\/es\/#website"},"primaryImageOfPage":{"@id":"https:\/\/avanzaevents.com\/es\/extrusax-y-alsan-en-la-feria-aluminium-en-dusseldorf\/#primaryimage"},"image":{"@id":"https:\/\/avanzaevents.com\/es\/extrusax-y-alsan-en-la-feria-aluminium-en-dusseldorf\/#primaryimage"},"thumbnailUrl":"https:\/\/avanzaevents.com\/wp-content\/uploads\/2022\/11\/feria-Aluminium-2022.jpg","datePublished":"2022-11-03T21:12:35+00:00","dateModified":"2025-07-08T12:19:02+00:00","breadcrumb":{"@id":"https:\/\/avanzaevents.com\/es\/extrusax-y-alsan-en-la-feria-aluminium-en-dusseldorf\/#breadcrumb"},"inLanguage":"es","potentialAction":[{"@type":"ReadAction","target":["https:\/\/avanzaevents.com\/es\/extrusax-y-alsan-en-la-feria-aluminium-en-dusseldorf\/"]}]},{"@type":"ImageObject","inLanguage":"es","@id":"https:\/\/avanzaevents.com\/es\/extrusax-y-alsan-en-la-feria-aluminium-en-dusseldorf\/#primaryimage","url":"https:\/\/avanzaevents.com\/wp-content\/uploads\/2022\/11\/feria-Aluminium-2022.jpg","contentUrl":"https:\/\/avanzaevents.com\/wp-content\/uploads\/2022\/11\/feria-Aluminium-2022.jpg","width":1082,"height":630,"caption":"feria Aluminiun Extrusax y Alsan"},{"@type":"BreadcrumbList","@id":"https:\/\/avanzaevents.com\/es\/extrusax-y-alsan-en-la-feria-aluminium-en-dusseldorf\/#breadcrumb","itemListElement":[{"@type":"ListItem","position":1,"name":"Portada","item":"https:\/\/avanzaevents.com\/es\/"},{"@type":"ListItem","position":2,"name":"EXTRUSAX y ALSAN en la feria ALUMINIUM en DUSSELDORF"}]},{"@type":"WebSite","@id":"https:\/\/avanzaevents.com\/es\/#website","url":"https:\/\/avanzaevents.com\/es\/","name":"Avanza Group","description":"Otro sitio realizado con WordPress","publisher":{"@id":"https:\/\/avanzaevents.com\/es\/#organization"},"potentialAction":[{"@type":"SearchAction","target":{"@type":"EntryPoint","urlTemplate":"https:\/\/avanzaevents.com\/es\/?s={search_term_string}"},"query-input":{"@type":"PropertyValueSpecification","valueRequired":true,"valueName":"search_term_string"}}],"inLanguage":"es"},{"@type":"Organization","@id":"https:\/\/avanzaevents.com\/es\/#organization","name":"Avanza group","url":"https:\/\/avanzaevents.com\/es\/","logo":{"@type":"ImageObject","inLanguage":"es","@id":"https:\/\/avanzaevents.com\/es\/#\/schema\/logo\/image\/","url":"https:\/\/avanzaevents.com\/wp-content\/uploads\/2020\/02\/logo300px.png","contentUrl":"https:\/\/avanzaevents.com\/wp-content\/uploads\/2020\/02\/logo300px.png","width":340,"height":125,"caption":"Avanza group"},"image":{"@id":"https:\/\/avanzaevents.com\/es\/#\/schema\/logo\/image\/"}},{"@type":"Person","@id":"https:\/\/avanzaevents.com\/es\/#\/schema\/person\/ef5a150a12d1976dae694dfbd043577a","name":"vicky","image":{"@type":"ImageObject","inLanguage":"es","@id":"https:\/\/secure.gravatar.com\/avatar\/d709368248c2960428f34a7adc442d40b7f8da20ba664aba803a029186f748d3?s=96&d=mm&r=g","url":"https:\/\/secure.gravatar.com\/avatar\/d709368248c2960428f34a7adc442d40b7f8da20ba664aba803a029186f748d3?s=96&d=mm&r=g","contentUrl":"https:\/\/secure.gravatar.com\/avatar\/d709368248c2960428f34a7adc442d40b7f8da20ba664aba803a029186f748d3?s=96&d=mm&r=g","caption":"vicky"},"url":"https:\/\/avanzaevents.com\/es\/author\/vicky\/"}]}},"_links":{"self":[{"href":"https:\/\/avanzaevents.com\/es\/wp-json\/wp\/v2\/posts\/13408","targetHints":{"allow":["GET"]}}],"collection":[{"href":"https:\/\/avanzaevents.com\/es\/wp-json\/wp\/v2\/posts"}],"about":[{"href":"https:\/\/avanzaevents.com\/es\/wp-json\/wp\/v2\/types\/post"}],"author":[{"embeddable":true,"href":"https:\/\/avanzaevents.com\/es\/wp-json\/wp\/v2\/users\/8"}],"replies":[{"embeddable":true,"href":"https:\/\/avanzaevents.com\/es\/wp-json\/wp\/v2\/comments?post=13408"}],"version-history":[{"count":1,"href":"https:\/\/avanzaevents.com\/es\/wp-json\/wp\/v2\/posts\/13408\/revisions"}],"predecessor-version":[{"id":23225,"href":"https:\/\/avanzaevents.com\/es\/wp-json\/wp\/v2\/posts\/13408\/revisions\/23225"}],"wp:featuredmedia":[{"embeddable":true,"href":"https:\/\/avanzaevents.com\/es\/wp-json\/wp\/v2\/media\/13409"}],"wp:attachment":[{"href":"https:\/\/avanzaevents.com\/es\/wp-json\/wp\/v2\/media?parent=13408"}],"wp:term":[{"taxonomy":"category","embeddable":true,"href":"https:\/\/avanzaevents.com\/es\/wp-json\/wp\/v2\/categories?post=13408"},{"taxonomy":"post_tag","embeddable":true,"href":"https:\/\/avanzaevents.com\/es\/wp-json\/wp\/v2\/tags?post=13408"}],"curies":[{"name":"wp","href":"https:\/\/api.w.org\/{rel}","templated":true}]}}