{"id":15074,"date":"2023-02-10T12:39:50","date_gmt":"2023-02-10T11:39:50","guid":{"rendered":"https:\/\/avanzaevents.com\/?p=15074"},"modified":"2025-09-05T22:00:46","modified_gmt":"2025-09-05T20:00:46","slug":"stand-en-la-feria-mido-milan-para-nano","status":"publish","type":"post","link":"https:\/\/avanzaevents.com\/es\/stand-en-la-feria-mido-milan-para-nano\/","title":{"rendered":"STAND EN LA FERIA MIDO (MIL\u00c1N) PARA NANOVISTA"},"content":{"rendered":"<p>Dise\u00f1o de un stand con gran carga de imagen y una importante iluminaci\u00f3n para la empresa NanoVista.<\/p>\n<p>Su presencia en la feria Mido (Mil\u00e1n, Italia), la mayor feria \u00f3ptica de Europa, no pas\u00f3 desapercibida entre los m\u00e1s de 1000 expositores. Mido se ha convertido en la feria referente de la industria \u00f3ptica, tras 51 ediciones a sus espaldas. Esta edici\u00f3n, celebrada a primeros de febrero 2023, ha culminado con cifras hist\u00f3ricas.<\/p>\n<p>En este stand de dise\u00f1o apostamos por colores llamativos que dan una imagen moderna, y por supuesto con buenos acabados en \u00a0melaminas, metacrilatos, DM\u2026<\/p>\n","protected":false},"excerpt":{"rendered":"<p>Dise\u00f1o de un stand con gran carga de imagen y una importante iluminaci\u00f3n para la empresa NanoVista. Su presencia en [&hellip;]<\/p>\n","protected":false},"author":8,"featured_media":17063,"comment_status":"open","ping_status":"open","sticky":false,"template":"","format":"standard","meta":{"_acf_changed":false,"site-sidebar-layout":"default","site-content-layout":"","ast-site-content-layout":"default","site-content-style":"default","site-sidebar-style":"default","ast-global-header-display":"","ast-banner-title-visibility":"","ast-main-header-display":"","ast-hfb-above-header-display":"","ast-hfb-below-header-display":"","ast-hfb-mobile-header-display":"","site-post-title":"","ast-breadcrumbs-content":"","ast-featured-img":"","footer-sml-layout":"","ast-disable-related-posts":"","theme-transparent-header-meta":"","adv-header-id-meta":"","stick-header-meta":"","header-above-stick-meta":"","header-main-stick-meta":"","header-below-stick-meta":"","astra-migrate-meta-layouts":"default","ast-page-background-enabled":"default","ast-page-background-meta":{"desktop":{"background-color":"var(--ast-global-color-5)","background-image":"","background-repeat":"repeat","background-position":"center center","background-size":"auto","background-attachment":"scroll","background-type":"","background-media":"","overlay-type":"","overlay-color":"","overlay-opacity":"","overlay-gradient":""},"tablet":{"background-color":"","background-image":"","background-repeat":"repeat","background-position":"center center","background-size":"auto","background-attachment":"scroll","background-type":"","background-media":"","overlay-type":"","overlay-color":"","overlay-opacity":"","overlay-gradient":""},"mobile":{"background-color":"","background-image":"","background-repeat":"repeat","background-position":"center center","background-size":"auto","background-attachment":"scroll","background-type":"","background-media":"","overlay-type":"","overlay-color":"","overlay-opacity":"","overlay-gradient":""}},"ast-content-background-meta":{"desktop":{"background-color":"var(--ast-global-color-4)","background-image":"","background-repeat":"repeat","background-position":"center center","background-size":"auto","background-attachment":"scroll","background-type":"","background-media":"","overlay-type":"","overlay-color":"","overlay-opacity":"","overlay-gradient":""},"tablet":{"background-color":"var(--ast-global-color-4)","background-image":"","background-repeat":"repeat","background-position":"center center","background-size":"auto","background-attachment":"scroll","background-type":"","background-media":"","overlay-type":"","overlay-color":"","overlay-opacity":"","overlay-gradient":""},"mobile":{"background-color":"var(--ast-global-color-4)","background-image":"","background-repeat":"repeat","background-position":"center center","background-size":"auto","background-attachment":"scroll","background-type":"","background-media":"","overlay-type":"","overlay-color":"","overlay-opacity":"","overlay-gradient":""}},"_joinchat":[],"footnotes":""},"categories":[6],"tags":[],"class_list":["post-15074","post","type-post","status-publish","format-standard","has-post-thumbnail","hentry","category-noticias"],"acf":[],"yoast_head":"<!-- This site is optimized with the Yoast SEO plugin v27.4 - https:\/\/yoast.com\/product\/yoast-seo-wordpress\/ -->\n<title>Nanovista Stand at MIDO Milan |\u3010Avanza Events 2026 \u3011<\/title>\n<meta name=\"robots\" content=\"index, follow, max-snippet:-1, max-image-preview:large, max-video-preview:-1\" \/>\n<link rel=\"canonical\" href=\"https:\/\/avanzaevents.com\/es\/stand-en-la-feria-mido-milan-para-nano\/\" \/>\n<meta property=\"og:locale\" content=\"es_ES\" \/>\n<meta property=\"og:type\" content=\"article\" \/>\n<meta property=\"og:title\" content=\"Nanovista Stand at MIDO Milan |\u3010Avanza Events 2026 \u3011\" \/>\n<meta property=\"og:description\" content=\"Dise\u00f1o de un stand con gran carga de imagen y una importante iluminaci\u00f3n para la empresa NanoVista. Su presencia en [&hellip;]\" \/>\n<meta property=\"og:url\" content=\"https:\/\/avanzaevents.com\/es\/stand-en-la-feria-mido-milan-para-nano\/\" \/>\n<meta property=\"og:site_name\" content=\"Avanza Group\" \/>\n<meta property=\"article:published_time\" content=\"2023-02-10T11:39:50+00:00\" \/>\n<meta property=\"article:modified_time\" content=\"2025-09-05T20:00:46+00:00\" \/>\n<meta property=\"og:image\" content=\"https:\/\/avanzaevents.com\/wp-content\/uploads\/2023\/02\/cartel-mido-nano-LIG.jpg\" \/>\n\t<meta property=\"og:image:width\" content=\"668\" \/>\n\t<meta property=\"og:image:height\" content=\"1000\" \/>\n\t<meta property=\"og:image:type\" content=\"image\/jpeg\" \/>\n<meta name=\"author\" content=\"vicky\" \/>\n<meta name=\"twitter:card\" content=\"summary_large_image\" \/>\n<meta name=\"twitter:label1\" content=\"Escrito por\" \/>\n\t<meta name=\"twitter:data1\" content=\"vicky\" \/>\n<script type=\"application\/ld+json\" class=\"yoast-schema-graph\">{\"@context\":\"https:\\\/\\\/schema.org\",\"@graph\":[{\"@type\":\"Article\",\"@id\":\"https:\\\/\\\/avanzaevents.com\\\/es\\\/stand-en-la-feria-mido-milan-para-nano\\\/#article\",\"isPartOf\":{\"@id\":\"https:\\\/\\\/avanzaevents.com\\\/es\\\/stand-en-la-feria-mido-milan-para-nano\\\/\"},\"author\":{\"name\":\"vicky\",\"@id\":\"https:\\\/\\\/avanzaevents.com\\\/es\\\/#\\\/schema\\\/person\\\/ef5a150a12d1976dae694dfbd043577a\"},\"headline\":\"STAND EN LA FERIA MIDO (MIL\u00c1N) PARA NANOVISTA\",\"datePublished\":\"2023-02-10T11:39:50+00:00\",\"dateModified\":\"2025-09-05T20:00:46+00:00\",\"mainEntityOfPage\":{\"@id\":\"https:\\\/\\\/avanzaevents.com\\\/es\\\/stand-en-la-feria-mido-milan-para-nano\\\/\"},\"wordCount\":108,\"commentCount\":0,\"publisher\":{\"@id\":\"https:\\\/\\\/avanzaevents.com\\\/es\\\/#organization\"},\"image\":{\"@id\":\"https:\\\/\\\/avanzaevents.com\\\/es\\\/stand-en-la-feria-mido-milan-para-nano\\\/#primaryimage\"},\"thumbnailUrl\":\"https:\\\/\\\/avanzaevents.com\\\/wp-content\\\/uploads\\\/2023\\\/02\\\/cartel-mido-nano-LIG.jpg\",\"articleSection\":[\"Internacional\"],\"inLanguage\":\"es\",\"potentialAction\":[{\"@type\":\"CommentAction\",\"name\":\"Comment\",\"target\":[\"https:\\\/\\\/avanzaevents.com\\\/es\\\/stand-en-la-feria-mido-milan-para-nano\\\/#respond\"]}]},{\"@type\":\"WebPage\",\"@id\":\"https:\\\/\\\/avanzaevents.com\\\/es\\\/stand-en-la-feria-mido-milan-para-nano\\\/\",\"url\":\"https:\\\/\\\/avanzaevents.com\\\/es\\\/stand-en-la-feria-mido-milan-para-nano\\\/\",\"name\":\"Nanovista Stand at MIDO Milan |\u3010Avanza Events 2026 \u3011\",\"isPartOf\":{\"@id\":\"https:\\\/\\\/avanzaevents.com\\\/es\\\/#website\"},\"primaryImageOfPage\":{\"@id\":\"https:\\\/\\\/avanzaevents.com\\\/es\\\/stand-en-la-feria-mido-milan-para-nano\\\/#primaryimage\"},\"image\":{\"@id\":\"https:\\\/\\\/avanzaevents.com\\\/es\\\/stand-en-la-feria-mido-milan-para-nano\\\/#primaryimage\"},\"thumbnailUrl\":\"https:\\\/\\\/avanzaevents.com\\\/wp-content\\\/uploads\\\/2023\\\/02\\\/cartel-mido-nano-LIG.jpg\",\"datePublished\":\"2023-02-10T11:39:50+00:00\",\"dateModified\":\"2025-09-05T20:00:46+00:00\",\"breadcrumb\":{\"@id\":\"https:\\\/\\\/avanzaevents.com\\\/es\\\/stand-en-la-feria-mido-milan-para-nano\\\/#breadcrumb\"},\"inLanguage\":\"es\",\"potentialAction\":[{\"@type\":\"ReadAction\",\"target\":[\"https:\\\/\\\/avanzaevents.com\\\/es\\\/stand-en-la-feria-mido-milan-para-nano\\\/\"]}]},{\"@type\":\"ImageObject\",\"inLanguage\":\"es\",\"@id\":\"https:\\\/\\\/avanzaevents.com\\\/es\\\/stand-en-la-feria-mido-milan-para-nano\\\/#primaryimage\",\"url\":\"https:\\\/\\\/avanzaevents.com\\\/wp-content\\\/uploads\\\/2023\\\/02\\\/cartel-mido-nano-LIG.jpg\",\"contentUrl\":\"https:\\\/\\\/avanzaevents.com\\\/wp-content\\\/uploads\\\/2023\\\/02\\\/cartel-mido-nano-LIG.jpg\",\"width\":668,\"height\":1000,\"caption\":\"MIDO NANO\"},{\"@type\":\"BreadcrumbList\",\"@id\":\"https:\\\/\\\/avanzaevents.com\\\/es\\\/stand-en-la-feria-mido-milan-para-nano\\\/#breadcrumb\",\"itemListElement\":[{\"@type\":\"ListItem\",\"position\":1,\"name\":\"Portada\",\"item\":\"https:\\\/\\\/avanzaevents.com\\\/es\\\/\"},{\"@type\":\"ListItem\",\"position\":2,\"name\":\"STAND EN LA FERIA MIDO (MIL\u00c1N) PARA NANOVISTA\"}]},{\"@type\":\"WebSite\",\"@id\":\"https:\\\/\\\/avanzaevents.com\\\/es\\\/#website\",\"url\":\"https:\\\/\\\/avanzaevents.com\\\/es\\\/\",\"name\":\"Avanza Group\",\"description\":\"Otro sitio realizado con WordPress\",\"publisher\":{\"@id\":\"https:\\\/\\\/avanzaevents.com\\\/es\\\/#organization\"},\"potentialAction\":[{\"@type\":\"SearchAction\",\"target\":{\"@type\":\"EntryPoint\",\"urlTemplate\":\"https:\\\/\\\/avanzaevents.com\\\/es\\\/?s={search_term_string}\"},\"query-input\":{\"@type\":\"PropertyValueSpecification\",\"valueRequired\":true,\"valueName\":\"search_term_string\"}}],\"inLanguage\":\"es\"},{\"@type\":\"Organization\",\"@id\":\"https:\\\/\\\/avanzaevents.com\\\/es\\\/#organization\",\"name\":\"Avanza group\",\"url\":\"https:\\\/\\\/avanzaevents.com\\\/es\\\/\",\"logo\":{\"@type\":\"ImageObject\",\"inLanguage\":\"es\",\"@id\":\"https:\\\/\\\/avanzaevents.com\\\/es\\\/#\\\/schema\\\/logo\\\/image\\\/\",\"url\":\"https:\\\/\\\/avanzaevents.com\\\/wp-content\\\/uploads\\\/2020\\\/02\\\/logo300px.png\",\"contentUrl\":\"https:\\\/\\\/avanzaevents.com\\\/wp-content\\\/uploads\\\/2020\\\/02\\\/logo300px.png\",\"width\":340,\"height\":125,\"caption\":\"Avanza group\"},\"image\":{\"@id\":\"https:\\\/\\\/avanzaevents.com\\\/es\\\/#\\\/schema\\\/logo\\\/image\\\/\"}},{\"@type\":\"Person\",\"@id\":\"https:\\\/\\\/avanzaevents.com\\\/es\\\/#\\\/schema\\\/person\\\/ef5a150a12d1976dae694dfbd043577a\",\"name\":\"vicky\",\"image\":{\"@type\":\"ImageObject\",\"inLanguage\":\"es\",\"@id\":\"https:\\\/\\\/secure.gravatar.com\\\/avatar\\\/d709368248c2960428f34a7adc442d40b7f8da20ba664aba803a029186f748d3?s=96&d=mm&r=g\",\"url\":\"https:\\\/\\\/secure.gravatar.com\\\/avatar\\\/d709368248c2960428f34a7adc442d40b7f8da20ba664aba803a029186f748d3?s=96&d=mm&r=g\",\"contentUrl\":\"https:\\\/\\\/secure.gravatar.com\\\/avatar\\\/d709368248c2960428f34a7adc442d40b7f8da20ba664aba803a029186f748d3?s=96&d=mm&r=g\",\"caption\":\"vicky\"},\"url\":\"https:\\\/\\\/avanzaevents.com\\\/es\\\/author\\\/vicky\\\/\"}]}<\/script>\n<!-- \/ Yoast SEO plugin. -->","yoast_head_json":{"title":"Nanovista Stand at MIDO Milan |\u3010Avanza Events 2026 \u3011","robots":{"index":"index","follow":"follow","max-snippet":"max-snippet:-1","max-image-preview":"max-image-preview:large","max-video-preview":"max-video-preview:-1"},"canonical":"https:\/\/avanzaevents.com\/es\/stand-en-la-feria-mido-milan-para-nano\/","og_locale":"es_ES","og_type":"article","og_title":"Nanovista Stand at MIDO Milan |\u3010Avanza Events 2026 \u3011","og_description":"Dise\u00f1o de un stand con gran carga de imagen y una importante iluminaci\u00f3n para la empresa NanoVista. Su presencia en [&hellip;]","og_url":"https:\/\/avanzaevents.com\/es\/stand-en-la-feria-mido-milan-para-nano\/","og_site_name":"Avanza Group","article_published_time":"2023-02-10T11:39:50+00:00","article_modified_time":"2025-09-05T20:00:46+00:00","og_image":[{"width":668,"height":1000,"url":"https:\/\/avanzaevents.com\/wp-content\/uploads\/2023\/02\/cartel-mido-nano-LIG.jpg","type":"image\/jpeg"}],"author":"vicky","twitter_card":"summary_large_image","twitter_misc":{"Escrito por":"vicky"},"schema":{"@context":"https:\/\/schema.org","@graph":[{"@type":"Article","@id":"https:\/\/avanzaevents.com\/es\/stand-en-la-feria-mido-milan-para-nano\/#article","isPartOf":{"@id":"https:\/\/avanzaevents.com\/es\/stand-en-la-feria-mido-milan-para-nano\/"},"author":{"name":"vicky","@id":"https:\/\/avanzaevents.com\/es\/#\/schema\/person\/ef5a150a12d1976dae694dfbd043577a"},"headline":"STAND EN LA FERIA MIDO (MIL\u00c1N) PARA NANOVISTA","datePublished":"2023-02-10T11:39:50+00:00","dateModified":"2025-09-05T20:00:46+00:00","mainEntityOfPage":{"@id":"https:\/\/avanzaevents.com\/es\/stand-en-la-feria-mido-milan-para-nano\/"},"wordCount":108,"commentCount":0,"publisher":{"@id":"https:\/\/avanzaevents.com\/es\/#organization"},"image":{"@id":"https:\/\/avanzaevents.com\/es\/stand-en-la-feria-mido-milan-para-nano\/#primaryimage"},"thumbnailUrl":"https:\/\/avanzaevents.com\/wp-content\/uploads\/2023\/02\/cartel-mido-nano-LIG.jpg","articleSection":["Internacional"],"inLanguage":"es","potentialAction":[{"@type":"CommentAction","name":"Comment","target":["https:\/\/avanzaevents.com\/es\/stand-en-la-feria-mido-milan-para-nano\/#respond"]}]},{"@type":"WebPage","@id":"https:\/\/avanzaevents.com\/es\/stand-en-la-feria-mido-milan-para-nano\/","url":"https:\/\/avanzaevents.com\/es\/stand-en-la-feria-mido-milan-para-nano\/","name":"Nanovista Stand at MIDO Milan |\u3010Avanza Events 2026 \u3011","isPartOf":{"@id":"https:\/\/avanzaevents.com\/es\/#website"},"primaryImageOfPage":{"@id":"https:\/\/avanzaevents.com\/es\/stand-en-la-feria-mido-milan-para-nano\/#primaryimage"},"image":{"@id":"https:\/\/avanzaevents.com\/es\/stand-en-la-feria-mido-milan-para-nano\/#primaryimage"},"thumbnailUrl":"https:\/\/avanzaevents.com\/wp-content\/uploads\/2023\/02\/cartel-mido-nano-LIG.jpg","datePublished":"2023-02-10T11:39:50+00:00","dateModified":"2025-09-05T20:00:46+00:00","breadcrumb":{"@id":"https:\/\/avanzaevents.com\/es\/stand-en-la-feria-mido-milan-para-nano\/#breadcrumb"},"inLanguage":"es","potentialAction":[{"@type":"ReadAction","target":["https:\/\/avanzaevents.com\/es\/stand-en-la-feria-mido-milan-para-nano\/"]}]},{"@type":"ImageObject","inLanguage":"es","@id":"https:\/\/avanzaevents.com\/es\/stand-en-la-feria-mido-milan-para-nano\/#primaryimage","url":"https:\/\/avanzaevents.com\/wp-content\/uploads\/2023\/02\/cartel-mido-nano-LIG.jpg","contentUrl":"https:\/\/avanzaevents.com\/wp-content\/uploads\/2023\/02\/cartel-mido-nano-LIG.jpg","width":668,"height":1000,"caption":"MIDO NANO"},{"@type":"BreadcrumbList","@id":"https:\/\/avanzaevents.com\/es\/stand-en-la-feria-mido-milan-para-nano\/#breadcrumb","itemListElement":[{"@type":"ListItem","position":1,"name":"Portada","item":"https:\/\/avanzaevents.com\/es\/"},{"@type":"ListItem","position":2,"name":"STAND EN LA FERIA MIDO (MIL\u00c1N) PARA NANOVISTA"}]},{"@type":"WebSite","@id":"https:\/\/avanzaevents.com\/es\/#website","url":"https:\/\/avanzaevents.com\/es\/","name":"Avanza Group","description":"Otro sitio realizado con WordPress","publisher":{"@id":"https:\/\/avanzaevents.com\/es\/#organization"},"potentialAction":[{"@type":"SearchAction","target":{"@type":"EntryPoint","urlTemplate":"https:\/\/avanzaevents.com\/es\/?s={search_term_string}"},"query-input":{"@type":"PropertyValueSpecification","valueRequired":true,"valueName":"search_term_string"}}],"inLanguage":"es"},{"@type":"Organization","@id":"https:\/\/avanzaevents.com\/es\/#organization","name":"Avanza group","url":"https:\/\/avanzaevents.com\/es\/","logo":{"@type":"ImageObject","inLanguage":"es","@id":"https:\/\/avanzaevents.com\/es\/#\/schema\/logo\/image\/","url":"https:\/\/avanzaevents.com\/wp-content\/uploads\/2020\/02\/logo300px.png","contentUrl":"https:\/\/avanzaevents.com\/wp-content\/uploads\/2020\/02\/logo300px.png","width":340,"height":125,"caption":"Avanza group"},"image":{"@id":"https:\/\/avanzaevents.com\/es\/#\/schema\/logo\/image\/"}},{"@type":"Person","@id":"https:\/\/avanzaevents.com\/es\/#\/schema\/person\/ef5a150a12d1976dae694dfbd043577a","name":"vicky","image":{"@type":"ImageObject","inLanguage":"es","@id":"https:\/\/secure.gravatar.com\/avatar\/d709368248c2960428f34a7adc442d40b7f8da20ba664aba803a029186f748d3?s=96&d=mm&r=g","url":"https:\/\/secure.gravatar.com\/avatar\/d709368248c2960428f34a7adc442d40b7f8da20ba664aba803a029186f748d3?s=96&d=mm&r=g","contentUrl":"https:\/\/secure.gravatar.com\/avatar\/d709368248c2960428f34a7adc442d40b7f8da20ba664aba803a029186f748d3?s=96&d=mm&r=g","caption":"vicky"},"url":"https:\/\/avanzaevents.com\/es\/author\/vicky\/"}]}},"_links":{"self":[{"href":"https:\/\/avanzaevents.com\/es\/wp-json\/wp\/v2\/posts\/15074","targetHints":{"allow":["GET"]}}],"collection":[{"href":"https:\/\/avanzaevents.com\/es\/wp-json\/wp\/v2\/posts"}],"about":[{"href":"https:\/\/avanzaevents.com\/es\/wp-json\/wp\/v2\/types\/post"}],"author":[{"embeddable":true,"href":"https:\/\/avanzaevents.com\/es\/wp-json\/wp\/v2\/users\/8"}],"replies":[{"embeddable":true,"href":"https:\/\/avanzaevents.com\/es\/wp-json\/wp\/v2\/comments?post=15074"}],"version-history":[{"count":2,"href":"https:\/\/avanzaevents.com\/es\/wp-json\/wp\/v2\/posts\/15074\/revisions"}],"predecessor-version":[{"id":24093,"href":"https:\/\/avanzaevents.com\/es\/wp-json\/wp\/v2\/posts\/15074\/revisions\/24093"}],"wp:featuredmedia":[{"embeddable":true,"href":"https:\/\/avanzaevents.com\/es\/wp-json\/wp\/v2\/media\/17063"}],"wp:attachment":[{"href":"https:\/\/avanzaevents.com\/es\/wp-json\/wp\/v2\/media?parent=15074"}],"wp:term":[{"taxonomy":"category","embeddable":true,"href":"https:\/\/avanzaevents.com\/es\/wp-json\/wp\/v2\/categories?post=15074"},{"taxonomy":"post_tag","embeddable":true,"href":"https:\/\/avanzaevents.com\/es\/wp-json\/wp\/v2\/tags?post=15074"}],"curies":[{"name":"wp","href":"https:\/\/api.w.org\/{rel}","templated":true}]}}