{"id":1632,"date":"2013-12-16T10:14:19","date_gmt":"2013-12-16T10:14:19","guid":{"rendered":"https:\/\/avanzaevents.com\/?p=416"},"modified":"2022-10-10T10:38:48","modified_gmt":"2022-10-10T08:38:48","slug":"congreso-secot-barcelona","status":"publish","type":"post","link":"https:\/\/avanzaevents.com\/es\/congreso-secot-barcelona\/","title":{"rendered":"Congreso SECOT &#8211; Barcelona"},"content":{"rendered":"<p>[vc_row css_animation=\u00bb\u00bb row_type=\u00bbrow\u00bb use_row_as_full_screen_section=\u00bbno\u00bb type=\u00bbfull_width\u00bb angled_section=\u00bbno\u00bb text_align=\u00bbleft\u00bb background_image_as_pattern=\u00bbwithout_pattern\u00bb][vc_column][vc_column_text]<!--:en--><\/p>\n<p><!--:--><!--:es-->Se celebr\u00f3 en Barcelona el el Congreso de\u201d La Sociedad Espa\u00f1ola de Cirug\u00eda Ortop\u00e9dica y Farmacol\u00f3gica\u201d. Para dicho congreso AVANZA EVENTS realiz\u00f3 la construcci\u00f3n de dos stands para dos expositores.<br \/>\nPara Exactech, se realiz\u00f3 stand estaba fabricado con maderas lacadas de alta calidad y suelo en melanina. Se trataba de dise\u00f1ar un stand muy funcional que permitiera a los comerciales poder ense\u00f1ar sus productos tanto de manera f\u00edsica como virtual. Al tratarse de una Isla de 6&#215;6 se aprovecharon las 4 esquinas para crear 4 zonas de trabajo, cada una de ellas contaba de manera independiente con: \u00e1rea de reuni\u00f3n con mesa alta y taburetes, vitrina expositora y su propia pantalla de LCD la cual a su vez iba conectada a un Ipad para realizar la exposici\u00f3n interactiva con sus clientes.<br \/>\nEn el centro del espacio se coloco el almac\u00e9n de uso com\u00fan decorado con gr\u00e1ficas corporativas y un arco que lo cubr\u00eda a m\u00e1xima altura que contaba con letras corp\u00f3reas de polietileno para darle mayor relevancia a la marca.<br \/>\nTambi\u00e9n se suministro un equipo de sonido con un micr\u00f3fono inal\u00e1mbrico que iba conectado a las 4 pantallas ya que en algunos momentos durante el Congreso se realizaban charlas informativas para el p\u00fablico asistente, aunando as\u00ed de esta manera imagen y sonido. Esto suscit\u00f3 bastante la atenci\u00f3n de los profesionales que visitaron el Congreso<em><br \/>\n<\/em><\/p>\n<p>Tambi\u00e9n se realiz\u00f3 stand a Biomet. El stand estaba fabricado con maderas lacadas de alta calidad y suelo de melanina para permitir su almacenamiento y reutilizaci\u00f3n permitiendo as\u00ed su montaje en otros congresos durante el a\u00f1o.<br \/>\nEl espacio era un 6&#215;2 con una sola pared, se trato de hacer un dise\u00f1o elegante y moderno con una imagen minimalista donde se exhibieran sus productos en vitrinas de dise\u00f1o situadas en el per\u00edmetro y dejando un espacio interior para las acciones comerciales. Tambi\u00e9n se aprovecho la tecnolog\u00eda situando 2 pedestales con Ipad , uno a cada pasillo y una pantalla de Lcd.<em><br \/>\n<\/em><!--:-->[\/vc_column_text][\/vc_column][\/vc_row]<\/p>\n","protected":false},"excerpt":{"rendered":"<p>Se celebr\u00f3 en Barcelona el el Congreso de\u201d La Sociedad Espa\u00f1ola de Cirug\u00eda Ortop\u00e9dica y Farmacol\u00f3gica\u201d. Para dicho congreso AVANZA EVENTS realiz\u00f3 la construcci\u00f3n de dos stands para dos expositores.<\/p>\n","protected":false},"author":11,"featured_media":1740,"comment_status":"open","ping_status":"open","sticky":false,"template":"","format":"standard","meta":{"_acf_changed":false,"site-sidebar-layout":"default","site-content-layout":"","ast-site-content-layout":"default","site-content-style":"default","site-sidebar-style":"default","ast-global-header-display":"","ast-banner-title-visibility":"","ast-main-header-display":"","ast-hfb-above-header-display":"","ast-hfb-below-header-display":"","ast-hfb-mobile-header-display":"","site-post-title":"","ast-breadcrumbs-content":"","ast-featured-img":"","footer-sml-layout":"","ast-disable-related-posts":"","theme-transparent-header-meta":"","adv-header-id-meta":"","stick-header-meta":"","header-above-stick-meta":"","header-main-stick-meta":"","header-below-stick-meta":"","astra-migrate-meta-layouts":"default","ast-page-background-enabled":"default","ast-page-background-meta":{"desktop":{"background-color":"var(--ast-global-color-5)","background-image":"","background-repeat":"repeat","background-position":"center center","background-size":"auto","background-attachment":"scroll","background-type":"","background-media":"","overlay-type":"","overlay-color":"","overlay-opacity":"","overlay-gradient":""},"tablet":{"background-color":"","background-image":"","background-repeat":"repeat","background-position":"center center","background-size":"auto","background-attachment":"scroll","background-type":"","background-media":"","overlay-type":"","overlay-color":"","overlay-opacity":"","overlay-gradient":""},"mobile":{"background-color":"","background-image":"","background-repeat":"repeat","background-position":"center center","background-size":"auto","background-attachment":"scroll","background-type":"","background-media":"","overlay-type":"","overlay-color":"","overlay-opacity":"","overlay-gradient":""}},"ast-content-background-meta":{"desktop":{"background-color":"var(--ast-global-color-4)","background-image":"","background-repeat":"repeat","background-position":"center center","background-size":"auto","background-attachment":"scroll","background-type":"","background-media":"","overlay-type":"","overlay-color":"","overlay-opacity":"","overlay-gradient":""},"tablet":{"background-color":"var(--ast-global-color-4)","background-image":"","background-repeat":"repeat","background-position":"center center","background-size":"auto","background-attachment":"scroll","background-type":"","background-media":"","overlay-type":"","overlay-color":"","overlay-opacity":"","overlay-gradient":""},"mobile":{"background-color":"var(--ast-global-color-4)","background-image":"","background-repeat":"repeat","background-position":"center center","background-size":"auto","background-attachment":"scroll","background-type":"","background-media":"","overlay-type":"","overlay-color":"","overlay-opacity":"","overlay-gradient":""}},"_joinchat":[],"footnotes":""},"categories":[6],"tags":[],"class_list":["post-1632","post","type-post","status-publish","format-standard","has-post-thumbnail","hentry","category-noticias"],"acf":[],"yoast_head":"<!-- This site is optimized with the Yoast SEO plugin v27.5 - https:\/\/yoast.com\/product\/yoast-seo-wordpress\/ -->\n<title>Stand en el congreso Secot de Barcelona, por Avanza Events<\/title>\n<meta name=\"description\" content=\"La Sociedad Espa\u00f1ola de Cirug\u00eda Ortop\u00e9dica y Farmacol\u00f3gica se celebra en Barcelona en un gran congreso, aqu\u00ed est\u00e1 su stand\" \/>\n<meta name=\"robots\" content=\"index, follow, max-snippet:-1, max-image-preview:large, max-video-preview:-1\" \/>\n<link rel=\"canonical\" href=\"https:\/\/avanzaevents.com\/es\/congreso-secot-barcelona\/\" \/>\n<meta property=\"og:locale\" content=\"es_ES\" \/>\n<meta property=\"og:type\" content=\"article\" \/>\n<meta property=\"og:title\" content=\"Stand en el congreso Secot de Barcelona, por Avanza Events\" \/>\n<meta property=\"og:description\" content=\"La Sociedad Espa\u00f1ola de Cirug\u00eda Ortop\u00e9dica y Farmacol\u00f3gica se celebra en Barcelona en un gran congreso, aqu\u00ed est\u00e1 su stand\" \/>\n<meta property=\"og:url\" content=\"https:\/\/avanzaevents.com\/es\/congreso-secot-barcelona\/\" \/>\n<meta property=\"og:site_name\" content=\"Avanza Group\" \/>\n<meta property=\"article:published_time\" content=\"2013-12-16T10:14:19+00:00\" \/>\n<meta property=\"article:modified_time\" content=\"2022-10-10T08:38:48+00:00\" \/>\n<meta property=\"og:image\" content=\"https:\/\/avanzaevents.com\/wp-content\/uploads\/2013\/12\/1387189385AVANZA_5782.jpg\" \/>\n\t<meta property=\"og:image:width\" content=\"965\" \/>\n\t<meta property=\"og:image:height\" content=\"768\" \/>\n\t<meta property=\"og:image:type\" content=\"image\/jpeg\" \/>\n<meta name=\"author\" content=\"Trazada Desarrollo web\" \/>\n<meta name=\"twitter:card\" content=\"summary_large_image\" \/>\n<meta name=\"twitter:label1\" content=\"Escrito por\" \/>\n\t<meta name=\"twitter:data1\" content=\"Trazada Desarrollo web\" \/>\n\t<meta name=\"twitter:label2\" content=\"Tiempo de lectura\" \/>\n\t<meta name=\"twitter:data2\" content=\"2 minutos\" \/>\n<script type=\"application\/ld+json\" class=\"yoast-schema-graph\">{\"@context\":\"https:\\\/\\\/schema.org\",\"@graph\":[{\"@type\":\"Article\",\"@id\":\"https:\\\/\\\/avanzaevents.com\\\/es\\\/congreso-secot-barcelona\\\/#article\",\"isPartOf\":{\"@id\":\"https:\\\/\\\/avanzaevents.com\\\/es\\\/congreso-secot-barcelona\\\/\"},\"author\":{\"name\":\"Trazada Desarrollo web\",\"@id\":\"https:\\\/\\\/avanzaevents.com\\\/es\\\/#\\\/schema\\\/person\\\/ca422fcb83d7cf293b21036c273366b5\"},\"headline\":\"Congreso SECOT &#8211; Barcelona\",\"datePublished\":\"2013-12-16T10:14:19+00:00\",\"dateModified\":\"2022-10-10T08:38:48+00:00\",\"mainEntityOfPage\":{\"@id\":\"https:\\\/\\\/avanzaevents.com\\\/es\\\/congreso-secot-barcelona\\\/\"},\"wordCount\":393,\"commentCount\":0,\"publisher\":{\"@id\":\"https:\\\/\\\/avanzaevents.com\\\/es\\\/#organization\"},\"image\":{\"@id\":\"https:\\\/\\\/avanzaevents.com\\\/es\\\/congreso-secot-barcelona\\\/#primaryimage\"},\"thumbnailUrl\":\"https:\\\/\\\/avanzaevents.com\\\/wp-content\\\/uploads\\\/2013\\\/12\\\/1387189385AVANZA_5782.jpg\",\"articleSection\":[\"Internacional\"],\"inLanguage\":\"es\",\"potentialAction\":[{\"@type\":\"CommentAction\",\"name\":\"Comment\",\"target\":[\"https:\\\/\\\/avanzaevents.com\\\/es\\\/congreso-secot-barcelona\\\/#respond\"]}]},{\"@type\":\"WebPage\",\"@id\":\"https:\\\/\\\/avanzaevents.com\\\/es\\\/congreso-secot-barcelona\\\/\",\"url\":\"https:\\\/\\\/avanzaevents.com\\\/es\\\/congreso-secot-barcelona\\\/\",\"name\":\"Stand en el congreso Secot de Barcelona, por Avanza Events\",\"isPartOf\":{\"@id\":\"https:\\\/\\\/avanzaevents.com\\\/es\\\/#website\"},\"primaryImageOfPage\":{\"@id\":\"https:\\\/\\\/avanzaevents.com\\\/es\\\/congreso-secot-barcelona\\\/#primaryimage\"},\"image\":{\"@id\":\"https:\\\/\\\/avanzaevents.com\\\/es\\\/congreso-secot-barcelona\\\/#primaryimage\"},\"thumbnailUrl\":\"https:\\\/\\\/avanzaevents.com\\\/wp-content\\\/uploads\\\/2013\\\/12\\\/1387189385AVANZA_5782.jpg\",\"datePublished\":\"2013-12-16T10:14:19+00:00\",\"dateModified\":\"2022-10-10T08:38:48+00:00\",\"description\":\"La Sociedad Espa\u00f1ola de Cirug\u00eda Ortop\u00e9dica y Farmacol\u00f3gica se celebra en Barcelona en un gran congreso, aqu\u00ed est\u00e1 su stand\",\"breadcrumb\":{\"@id\":\"https:\\\/\\\/avanzaevents.com\\\/es\\\/congreso-secot-barcelona\\\/#breadcrumb\"},\"inLanguage\":\"es\",\"potentialAction\":[{\"@type\":\"ReadAction\",\"target\":[\"https:\\\/\\\/avanzaevents.com\\\/es\\\/congreso-secot-barcelona\\\/\"]}]},{\"@type\":\"ImageObject\",\"inLanguage\":\"es\",\"@id\":\"https:\\\/\\\/avanzaevents.com\\\/es\\\/congreso-secot-barcelona\\\/#primaryimage\",\"url\":\"https:\\\/\\\/avanzaevents.com\\\/wp-content\\\/uploads\\\/2013\\\/12\\\/1387189385AVANZA_5782.jpg\",\"contentUrl\":\"https:\\\/\\\/avanzaevents.com\\\/wp-content\\\/uploads\\\/2013\\\/12\\\/1387189385AVANZA_5782.jpg\",\"width\":965,\"height\":768},{\"@type\":\"BreadcrumbList\",\"@id\":\"https:\\\/\\\/avanzaevents.com\\\/es\\\/congreso-secot-barcelona\\\/#breadcrumb\",\"itemListElement\":[{\"@type\":\"ListItem\",\"position\":1,\"name\":\"Portada\",\"item\":\"https:\\\/\\\/avanzaevents.com\\\/es\\\/\"},{\"@type\":\"ListItem\",\"position\":2,\"name\":\"Congreso SECOT &#8211; Barcelona\"}]},{\"@type\":\"WebSite\",\"@id\":\"https:\\\/\\\/avanzaevents.com\\\/es\\\/#website\",\"url\":\"https:\\\/\\\/avanzaevents.com\\\/es\\\/\",\"name\":\"Avanza Group\",\"description\":\"Otro sitio realizado con WordPress\",\"publisher\":{\"@id\":\"https:\\\/\\\/avanzaevents.com\\\/es\\\/#organization\"},\"potentialAction\":[{\"@type\":\"SearchAction\",\"target\":{\"@type\":\"EntryPoint\",\"urlTemplate\":\"https:\\\/\\\/avanzaevents.com\\\/es\\\/?s={search_term_string}\"},\"query-input\":{\"@type\":\"PropertyValueSpecification\",\"valueRequired\":true,\"valueName\":\"search_term_string\"}}],\"inLanguage\":\"es\"},{\"@type\":\"Organization\",\"@id\":\"https:\\\/\\\/avanzaevents.com\\\/es\\\/#organization\",\"name\":\"Avanza group\",\"url\":\"https:\\\/\\\/avanzaevents.com\\\/es\\\/\",\"logo\":{\"@type\":\"ImageObject\",\"inLanguage\":\"es\",\"@id\":\"https:\\\/\\\/avanzaevents.com\\\/es\\\/#\\\/schema\\\/logo\\\/image\\\/\",\"url\":\"https:\\\/\\\/avanzaevents.com\\\/wp-content\\\/uploads\\\/2020\\\/02\\\/logo300px.png\",\"contentUrl\":\"https:\\\/\\\/avanzaevents.com\\\/wp-content\\\/uploads\\\/2020\\\/02\\\/logo300px.png\",\"width\":340,\"height\":125,\"caption\":\"Avanza group\"},\"image\":{\"@id\":\"https:\\\/\\\/avanzaevents.com\\\/es\\\/#\\\/schema\\\/logo\\\/image\\\/\"}},{\"@type\":\"Person\",\"@id\":\"https:\\\/\\\/avanzaevents.com\\\/es\\\/#\\\/schema\\\/person\\\/ca422fcb83d7cf293b21036c273366b5\",\"name\":\"Trazada Desarrollo web\",\"image\":{\"@type\":\"ImageObject\",\"inLanguage\":\"es\",\"@id\":\"https:\\\/\\\/secure.gravatar.com\\\/avatar\\\/d935574cdb9a07e324931665e188795d3fd82c2e32480fe40a908ad510b78011?s=96&d=mm&r=g\",\"url\":\"https:\\\/\\\/secure.gravatar.com\\\/avatar\\\/d935574cdb9a07e324931665e188795d3fd82c2e32480fe40a908ad510b78011?s=96&d=mm&r=g\",\"contentUrl\":\"https:\\\/\\\/secure.gravatar.com\\\/avatar\\\/d935574cdb9a07e324931665e188795d3fd82c2e32480fe40a908ad510b78011?s=96&d=mm&r=g\",\"caption\":\"Trazada Desarrollo web\"},\"url\":\"https:\\\/\\\/avanzaevents.com\\\/es\\\/author\\\/trazada_desarrollo\\\/\"}]}<\/script>\n<!-- \/ Yoast SEO plugin. -->","yoast_head_json":{"title":"Stand en el congreso Secot de Barcelona, por Avanza Events","description":"La Sociedad Espa\u00f1ola de Cirug\u00eda Ortop\u00e9dica y Farmacol\u00f3gica se celebra en Barcelona en un gran congreso, aqu\u00ed est\u00e1 su stand","robots":{"index":"index","follow":"follow","max-snippet":"max-snippet:-1","max-image-preview":"max-image-preview:large","max-video-preview":"max-video-preview:-1"},"canonical":"https:\/\/avanzaevents.com\/es\/congreso-secot-barcelona\/","og_locale":"es_ES","og_type":"article","og_title":"Stand en el congreso Secot de Barcelona, por Avanza Events","og_description":"La Sociedad Espa\u00f1ola de Cirug\u00eda Ortop\u00e9dica y Farmacol\u00f3gica se celebra en Barcelona en un gran congreso, aqu\u00ed est\u00e1 su stand","og_url":"https:\/\/avanzaevents.com\/es\/congreso-secot-barcelona\/","og_site_name":"Avanza Group","article_published_time":"2013-12-16T10:14:19+00:00","article_modified_time":"2022-10-10T08:38:48+00:00","og_image":[{"width":965,"height":768,"url":"https:\/\/avanzaevents.com\/wp-content\/uploads\/2013\/12\/1387189385AVANZA_5782.jpg","type":"image\/jpeg"}],"author":"Trazada Desarrollo web","twitter_card":"summary_large_image","twitter_misc":{"Escrito por":"Trazada Desarrollo web","Tiempo de lectura":"2 minutos"},"schema":{"@context":"https:\/\/schema.org","@graph":[{"@type":"Article","@id":"https:\/\/avanzaevents.com\/es\/congreso-secot-barcelona\/#article","isPartOf":{"@id":"https:\/\/avanzaevents.com\/es\/congreso-secot-barcelona\/"},"author":{"name":"Trazada Desarrollo web","@id":"https:\/\/avanzaevents.com\/es\/#\/schema\/person\/ca422fcb83d7cf293b21036c273366b5"},"headline":"Congreso SECOT &#8211; Barcelona","datePublished":"2013-12-16T10:14:19+00:00","dateModified":"2022-10-10T08:38:48+00:00","mainEntityOfPage":{"@id":"https:\/\/avanzaevents.com\/es\/congreso-secot-barcelona\/"},"wordCount":393,"commentCount":0,"publisher":{"@id":"https:\/\/avanzaevents.com\/es\/#organization"},"image":{"@id":"https:\/\/avanzaevents.com\/es\/congreso-secot-barcelona\/#primaryimage"},"thumbnailUrl":"https:\/\/avanzaevents.com\/wp-content\/uploads\/2013\/12\/1387189385AVANZA_5782.jpg","articleSection":["Internacional"],"inLanguage":"es","potentialAction":[{"@type":"CommentAction","name":"Comment","target":["https:\/\/avanzaevents.com\/es\/congreso-secot-barcelona\/#respond"]}]},{"@type":"WebPage","@id":"https:\/\/avanzaevents.com\/es\/congreso-secot-barcelona\/","url":"https:\/\/avanzaevents.com\/es\/congreso-secot-barcelona\/","name":"Stand en el congreso Secot de Barcelona, por Avanza Events","isPartOf":{"@id":"https:\/\/avanzaevents.com\/es\/#website"},"primaryImageOfPage":{"@id":"https:\/\/avanzaevents.com\/es\/congreso-secot-barcelona\/#primaryimage"},"image":{"@id":"https:\/\/avanzaevents.com\/es\/congreso-secot-barcelona\/#primaryimage"},"thumbnailUrl":"https:\/\/avanzaevents.com\/wp-content\/uploads\/2013\/12\/1387189385AVANZA_5782.jpg","datePublished":"2013-12-16T10:14:19+00:00","dateModified":"2022-10-10T08:38:48+00:00","description":"La Sociedad Espa\u00f1ola de Cirug\u00eda Ortop\u00e9dica y Farmacol\u00f3gica se celebra en Barcelona en un gran congreso, aqu\u00ed est\u00e1 su stand","breadcrumb":{"@id":"https:\/\/avanzaevents.com\/es\/congreso-secot-barcelona\/#breadcrumb"},"inLanguage":"es","potentialAction":[{"@type":"ReadAction","target":["https:\/\/avanzaevents.com\/es\/congreso-secot-barcelona\/"]}]},{"@type":"ImageObject","inLanguage":"es","@id":"https:\/\/avanzaevents.com\/es\/congreso-secot-barcelona\/#primaryimage","url":"https:\/\/avanzaevents.com\/wp-content\/uploads\/2013\/12\/1387189385AVANZA_5782.jpg","contentUrl":"https:\/\/avanzaevents.com\/wp-content\/uploads\/2013\/12\/1387189385AVANZA_5782.jpg","width":965,"height":768},{"@type":"BreadcrumbList","@id":"https:\/\/avanzaevents.com\/es\/congreso-secot-barcelona\/#breadcrumb","itemListElement":[{"@type":"ListItem","position":1,"name":"Portada","item":"https:\/\/avanzaevents.com\/es\/"},{"@type":"ListItem","position":2,"name":"Congreso SECOT &#8211; Barcelona"}]},{"@type":"WebSite","@id":"https:\/\/avanzaevents.com\/es\/#website","url":"https:\/\/avanzaevents.com\/es\/","name":"Avanza Group","description":"Otro sitio realizado con WordPress","publisher":{"@id":"https:\/\/avanzaevents.com\/es\/#organization"},"potentialAction":[{"@type":"SearchAction","target":{"@type":"EntryPoint","urlTemplate":"https:\/\/avanzaevents.com\/es\/?s={search_term_string}"},"query-input":{"@type":"PropertyValueSpecification","valueRequired":true,"valueName":"search_term_string"}}],"inLanguage":"es"},{"@type":"Organization","@id":"https:\/\/avanzaevents.com\/es\/#organization","name":"Avanza group","url":"https:\/\/avanzaevents.com\/es\/","logo":{"@type":"ImageObject","inLanguage":"es","@id":"https:\/\/avanzaevents.com\/es\/#\/schema\/logo\/image\/","url":"https:\/\/avanzaevents.com\/wp-content\/uploads\/2020\/02\/logo300px.png","contentUrl":"https:\/\/avanzaevents.com\/wp-content\/uploads\/2020\/02\/logo300px.png","width":340,"height":125,"caption":"Avanza group"},"image":{"@id":"https:\/\/avanzaevents.com\/es\/#\/schema\/logo\/image\/"}},{"@type":"Person","@id":"https:\/\/avanzaevents.com\/es\/#\/schema\/person\/ca422fcb83d7cf293b21036c273366b5","name":"Trazada Desarrollo web","image":{"@type":"ImageObject","inLanguage":"es","@id":"https:\/\/secure.gravatar.com\/avatar\/d935574cdb9a07e324931665e188795d3fd82c2e32480fe40a908ad510b78011?s=96&d=mm&r=g","url":"https:\/\/secure.gravatar.com\/avatar\/d935574cdb9a07e324931665e188795d3fd82c2e32480fe40a908ad510b78011?s=96&d=mm&r=g","contentUrl":"https:\/\/secure.gravatar.com\/avatar\/d935574cdb9a07e324931665e188795d3fd82c2e32480fe40a908ad510b78011?s=96&d=mm&r=g","caption":"Trazada Desarrollo web"},"url":"https:\/\/avanzaevents.com\/es\/author\/trazada_desarrollo\/"}]}},"_links":{"self":[{"href":"https:\/\/avanzaevents.com\/es\/wp-json\/wp\/v2\/posts\/1632","targetHints":{"allow":["GET"]}}],"collection":[{"href":"https:\/\/avanzaevents.com\/es\/wp-json\/wp\/v2\/posts"}],"about":[{"href":"https:\/\/avanzaevents.com\/es\/wp-json\/wp\/v2\/types\/post"}],"author":[{"embeddable":true,"href":"https:\/\/avanzaevents.com\/es\/wp-json\/wp\/v2\/users\/11"}],"replies":[{"embeddable":true,"href":"https:\/\/avanzaevents.com\/es\/wp-json\/wp\/v2\/comments?post=1632"}],"version-history":[{"count":0,"href":"https:\/\/avanzaevents.com\/es\/wp-json\/wp\/v2\/posts\/1632\/revisions"}],"wp:featuredmedia":[{"embeddable":true,"href":"https:\/\/avanzaevents.com\/es\/wp-json\/wp\/v2\/media\/1740"}],"wp:attachment":[{"href":"https:\/\/avanzaevents.com\/es\/wp-json\/wp\/v2\/media?parent=1632"}],"wp:term":[{"taxonomy":"category","embeddable":true,"href":"https:\/\/avanzaevents.com\/es\/wp-json\/wp\/v2\/categories?post=1632"},{"taxonomy":"post_tag","embeddable":true,"href":"https:\/\/avanzaevents.com\/es\/wp-json\/wp\/v2\/tags?post=1632"}],"curies":[{"name":"wp","href":"https:\/\/api.w.org\/{rel}","templated":true}]}}