{"id":1642,"date":"2016-10-03T09:00:44","date_gmt":"2016-10-03T09:00:44","guid":{"rendered":"https:\/\/avanzaevents.com\/?p=974"},"modified":"2022-10-10T13:11:42","modified_gmt":"2022-10-10T11:11:42","slug":"nos-movemos-por-el-mundo-copenhague","status":"publish","type":"post","link":"https:\/\/avanzaevents.com\/es\/nos-movemos-por-el-mundo-copenhague\/","title":{"rendered":"Nos movemos por el Mundo: COPENHAGUE"},"content":{"rendered":"<p><!--:en-->Desde el s\u00e1bado 10 de septiembre hasta el mi\u00e9rcoles 14 de Septiembre se ha producido el XXXIV Congreso de la Sociedad Europea de Catarata y Cirug\u00eda Refractiva (ESCRS) en Copenhague y all\u00ed hemos ido a construir un stand para uno de nuestros clientes y claro esta hemos conocido esta incre\u00edble ciudad, de la cual os contamos algunas cosillas.<\/p>\n<p><img fetchpriority=\"high\" decoding=\"async\" class=\"aligncenter\" title=\"Sirenita\" src=\"https:\/\/avanzaevents.com\/wp-content\/uploads\/files\/2016\/09\/Sirenita.jpg\" alt=\"\" width=\"405\" height=\"335\" \/><\/p>\n<p>Copenhague es la capital de Dinamarca y se caracteriza por ser la combinaci\u00f3n perfecta entre la tradici\u00f3n y la modernidad con sus tortuosas calles de la ciudad vieja, los magn\u00edficos palacios reales, los edificios vanguardistas y las m\u00e1s nuevas atracciones.<\/p>\n<p>Por supuesto no puedes ir a Copenhague sin hacer una visita a la famosa sirenita, a la entrada del puerto, o a los jardines de Tivoli.<\/p>\n<p>Tampoco puedes perderte\u00a0la plaza del Ayuntamiento o Radhuspladsen, Stroget, que se dice que es la calle peatonal m\u00e1s larga del mundo; la catedral de nuestra se\u00f1ora o el barrio de Nyhavn donde hay un canal de unos 500 metros con barcos de \u00e9poca y casas pintadas de colores muy llamativos. Como curiosidad, en este barrio hay un restaurante llamado Nyhavn, donde hay un camarero B\u00falgaro llamado Stephan , que sabe hablar espa\u00f1ol y busca continuamente a todos los que lo hablan y los presenta.<\/p>\n<p><img decoding=\"async\" class=\"aligncenter\" title=\"IMG_5554\" src=\"https:\/\/avanzaevents.com\/wp-content\/uploads\/files\/2016\/09\/IMG_5554.jpg\" alt=\"\" width=\"405\" height=\"360\" \/><\/p>\n<p>La bicicleta es uno de los medios de transporte m\u00e1s utilizados, convirtiendo a esta incre\u00edble ciudad en una de las m\u00e1s ecol\u00f3gicas de Europa.<\/p>\n<p>Cuando paseas por el canal, te encuentras, en verano, con unas piscinas de agua de mar donde la gente toma el sol, se tira desde una atalaya de 5 metros y tienen espacio para nadar, todo ello supervisado por dos socorristas. Eso si el agua un poco fresquita ya que est\u00e1 a 18\u00ba.<\/p>\n<p><img decoding=\"async\" class=\"aligncenter\" title=\"IMG_5471\" src=\"https:\/\/avanzaevents.com\/wp-content\/uploads\/files\/2016\/09\/IMG_5471.jpg\" alt=\"\" width=\"403\" height=\"148\" \/><\/p>\n<p>Los alrededores de de Copenhague est\u00e1n llenos de Castillos como Hillerod o Helsingor, restos vikingos (ya que el origen de esta ciudad viene de ahi) e incluso alguna playa, donde disfrutar de un buen descanso.<\/p>\n<p>Finalmente, Copenhague es tambi\u00e9n la ciudad con mejor vida nocturna\u00a0de toda Escandinavia, lo que hace de la capital de Dinamarca un destino fant\u00e1stico para quien tambi\u00e9n est\u00e9 buscando diversi\u00f3n.<!--:--><!--:es-->Desde el s\u00e1bado 10 de septiembre hasta el mi\u00e9rcoles 14 de Septiembre se ha producido el XXXIV Congreso de la Sociedad Europea de Catarata y Cirug\u00eda Refractiva (ESCRS) en Copenhague y all\u00ed hemos ido a construir un stand para uno de nuestros clientes y claro esta hemos conocido esta incre\u00edble ciudad, de la cual os contamos algunas cosillas.<\/p>\n<p><img loading=\"lazy\" decoding=\"async\" class=\"aligncenter size-full wp-image-976\" title=\"Sirenita\" src=\"https:\/\/avanzaevents.com\/wp-content\/uploads\/files\/2016\/09\/Sirenita.jpg\" alt=\"\" width=\"405\" height=\"335\" \/><\/p>\n<p>Copenhague es la capital de Dinamarca y se caracteriza por ser la combinaci\u00f3n perfecta entre la tradici\u00f3n y la modernidad con sus tortuosas calles de la ciudad vieja, los magn\u00edficos palacios reales, los edificios vanguardistas y las m\u00e1s nuevas atracciones.<\/p>\n<p>Por supuesto no puedes ir a Copenhague sin hacer una visita a la famosa sirenita, a la entrada del puerto, o a los jardines de Tivoli.<\/p>\n<p>Tampoco puedes perderte\u00a0la plaza del Ayuntamiento o Radhuspladsen, Stroget, que se dice que es la calle peatonal m\u00e1s larga del mundo; la catedral de nuestra se\u00f1ora o el barrio de Nyhavn donde hay un canal de unos 500 metros con barcos de \u00e9poca y casas pintadas de colores muy llamativos. Como curiosidad, en este barrio hay un restaurante llamado Nyhavn, donde hay un camarero B\u00falgaro llamado Stephan , que sabe hablar espa\u00f1ol y busca continuamente a todos los que lo hablan y los presenta.<\/p>\n<p><img loading=\"lazy\" decoding=\"async\" class=\"aligncenter size-full wp-image-978\" title=\"IMG_5554\" src=\"https:\/\/avanzaevents.com\/wp-content\/uploads\/files\/2016\/09\/IMG_5554.jpg\" alt=\"\" width=\"405\" height=\"360\" \/><\/p>\n<p>La bicicleta es uno de los medios de transporte m\u00e1s utilizados, convirtiendo a esta incre\u00edble ciudad en una de las m\u00e1s ecol\u00f3gicas de Europa.<\/p>\n<p>Cuando paseas por el canal, te encuentras, en verano, con unas piscinas de agua de mar donde la gente toma el sol, se tira desde una atalaya de 5 metros y tienen espacio para nadar, todo ello supervisado por dos socorristas. Eso si el agua un poco fresquita ya que est\u00e1 a 18\u00ba.<\/p>\n<p><img loading=\"lazy\" decoding=\"async\" class=\"aligncenter size-full wp-image-979\" title=\"IMG_5471\" src=\"https:\/\/avanzaevents.com\/wp-content\/uploads\/files\/2016\/09\/IMG_5471.jpg\" alt=\"\" width=\"403\" height=\"148\" \/><\/p>\n<p>Los alrededores de de Copenhague est\u00e1n llenos de Castillos como Hillerod o Helsingor, restos vikingos (ya que el origen de esta ciudad viene de ahi) e incluso alguna playa, donde disfrutar de un buen descanso.<\/p>\n<p>Finalmente, Copenhague es tambi\u00e9n la ciudad con mejor vida nocturna\u00a0de toda Escandinavia, lo que hace de la capital de Dinamarca un destino fant\u00e1stico para quien tambi\u00e9n est\u00e9 buscando diversi\u00f3n.<!--:--><\/p>\n","protected":false},"excerpt":{"rendered":"<p>Desde el s\u00e1bado 10 de septiembre hasta el mi\u00e9rcoles 14 de Septiembre se ha producido el XXXIV Congreso de la [&hellip;]<\/p>\n","protected":false},"author":11,"featured_media":1754,"comment_status":"open","ping_status":"open","sticky":false,"template":"","format":"standard","meta":{"_acf_changed":false,"site-sidebar-layout":"default","site-content-layout":"","ast-site-content-layout":"default","site-content-style":"default","site-sidebar-style":"default","ast-global-header-display":"","ast-banner-title-visibility":"","ast-main-header-display":"","ast-hfb-above-header-display":"","ast-hfb-below-header-display":"","ast-hfb-mobile-header-display":"","site-post-title":"","ast-breadcrumbs-content":"","ast-featured-img":"","footer-sml-layout":"","ast-disable-related-posts":"","theme-transparent-header-meta":"","adv-header-id-meta":"","stick-header-meta":"","header-above-stick-meta":"","header-main-stick-meta":"","header-below-stick-meta":"","astra-migrate-meta-layouts":"default","ast-page-background-enabled":"default","ast-page-background-meta":{"desktop":{"background-color":"var(--ast-global-color-5)","background-image":"","background-repeat":"repeat","background-position":"center center","background-size":"auto","background-attachment":"scroll","background-type":"","background-media":"","overlay-type":"","overlay-color":"","overlay-opacity":"","overlay-gradient":""},"tablet":{"background-color":"","background-image":"","background-repeat":"repeat","background-position":"center center","background-size":"auto","background-attachment":"scroll","background-type":"","background-media":"","overlay-type":"","overlay-color":"","overlay-opacity":"","overlay-gradient":""},"mobile":{"background-color":"","background-image":"","background-repeat":"repeat","background-position":"center center","background-size":"auto","background-attachment":"scroll","background-type":"","background-media":"","overlay-type":"","overlay-color":"","overlay-opacity":"","overlay-gradient":""}},"ast-content-background-meta":{"desktop":{"background-color":"var(--ast-global-color-4)","background-image":"","background-repeat":"repeat","background-position":"center center","background-size":"auto","background-attachment":"scroll","background-type":"","background-media":"","overlay-type":"","overlay-color":"","overlay-opacity":"","overlay-gradient":""},"tablet":{"background-color":"var(--ast-global-color-4)","background-image":"","background-repeat":"repeat","background-position":"center center","background-size":"auto","background-attachment":"scroll","background-type":"","background-media":"","overlay-type":"","overlay-color":"","overlay-opacity":"","overlay-gradient":""},"mobile":{"background-color":"var(--ast-global-color-4)","background-image":"","background-repeat":"repeat","background-position":"center center","background-size":"auto","background-attachment":"scroll","background-type":"","background-media":"","overlay-type":"","overlay-color":"","overlay-opacity":"","overlay-gradient":""}},"_joinchat":[],"footnotes":""},"categories":[7],"tags":[],"class_list":["post-1642","post","type-post","status-publish","format-standard","has-post-thumbnail","hentry","category-blog"],"acf":[],"yoast_head":"<!-- This site is optimized with the Yoast SEO plugin v27.4 - https:\/\/yoast.com\/product\/yoast-seo-wordpress\/ -->\n<title>\u25b7 Nos movemos por el Mundo: COPENHAGUE \u3010Avanza Events 2026 \u3011<\/title>\n<meta name=\"description\" content=\"En Septiembre se ha producido el XXXIV Congreso de la Sociedad Europea de Catarata y Cirug\u00eda Refractiva (ESCRS) en Copenhague\" \/>\n<meta name=\"robots\" content=\"index, follow, max-snippet:-1, max-image-preview:large, max-video-preview:-1\" \/>\n<link rel=\"canonical\" href=\"https:\/\/avanzaevents.com\/es\/nos-movemos-por-el-mundo-copenhague\/\" \/>\n<meta property=\"og:locale\" content=\"es_ES\" \/>\n<meta property=\"og:type\" content=\"article\" \/>\n<meta property=\"og:title\" content=\"\u25b7 Nos movemos por el Mundo: COPENHAGUE \u3010Avanza Events 2026 \u3011\" \/>\n<meta property=\"og:description\" content=\"En Septiembre se ha producido el XXXIV Congreso de la Sociedad Europea de Catarata y Cirug\u00eda Refractiva (ESCRS) en Copenhague\" \/>\n<meta property=\"og:url\" content=\"https:\/\/avanzaevents.com\/es\/nos-movemos-por-el-mundo-copenhague\/\" \/>\n<meta property=\"og:site_name\" content=\"Avanza Group\" \/>\n<meta property=\"article:published_time\" content=\"2016-10-03T09:00:44+00:00\" \/>\n<meta property=\"article:modified_time\" content=\"2022-10-10T11:11:42+00:00\" \/>\n<meta property=\"og:image\" content=\"https:\/\/avanzaevents.com\/wp-content\/uploads\/2020\/04\/1474982498Sirenita.jpg\" \/>\n\t<meta property=\"og:image:width\" content=\"405\" \/>\n\t<meta property=\"og:image:height\" content=\"335\" \/>\n\t<meta property=\"og:image:type\" content=\"image\/jpeg\" \/>\n<meta name=\"author\" content=\"Trazada Desarrollo web\" \/>\n<meta name=\"twitter:card\" content=\"summary_large_image\" \/>\n<meta name=\"twitter:label1\" content=\"Escrito por\" \/>\n\t<meta name=\"twitter:data1\" content=\"Trazada Desarrollo web\" \/>\n\t<meta name=\"twitter:label2\" content=\"Tiempo de lectura\" \/>\n\t<meta name=\"twitter:data2\" content=\"4 minutos\" \/>\n<script type=\"application\/ld+json\" class=\"yoast-schema-graph\">{\"@context\":\"https:\\\/\\\/schema.org\",\"@graph\":[{\"@type\":\"Article\",\"@id\":\"https:\\\/\\\/avanzaevents.com\\\/es\\\/nos-movemos-por-el-mundo-copenhague\\\/#article\",\"isPartOf\":{\"@id\":\"https:\\\/\\\/avanzaevents.com\\\/es\\\/nos-movemos-por-el-mundo-copenhague\\\/\"},\"author\":{\"name\":\"Trazada Desarrollo web\",\"@id\":\"https:\\\/\\\/avanzaevents.com\\\/es\\\/#\\\/schema\\\/person\\\/ca422fcb83d7cf293b21036c273366b5\"},\"headline\":\"Nos movemos por el Mundo: COPENHAGUE\",\"datePublished\":\"2016-10-03T09:00:44+00:00\",\"dateModified\":\"2022-10-10T11:11:42+00:00\",\"mainEntityOfPage\":{\"@id\":\"https:\\\/\\\/avanzaevents.com\\\/es\\\/nos-movemos-por-el-mundo-copenhague\\\/\"},\"wordCount\":738,\"commentCount\":0,\"publisher\":{\"@id\":\"https:\\\/\\\/avanzaevents.com\\\/es\\\/#organization\"},\"image\":{\"@id\":\"https:\\\/\\\/avanzaevents.com\\\/es\\\/nos-movemos-por-el-mundo-copenhague\\\/#primaryimage\"},\"thumbnailUrl\":\"https:\\\/\\\/avanzaevents.com\\\/wp-content\\\/uploads\\\/2020\\\/04\\\/1474982498Sirenita.jpg\",\"articleSection\":[\"Blog\"],\"inLanguage\":\"es\",\"potentialAction\":[{\"@type\":\"CommentAction\",\"name\":\"Comment\",\"target\":[\"https:\\\/\\\/avanzaevents.com\\\/es\\\/nos-movemos-por-el-mundo-copenhague\\\/#respond\"]}]},{\"@type\":\"WebPage\",\"@id\":\"https:\\\/\\\/avanzaevents.com\\\/es\\\/nos-movemos-por-el-mundo-copenhague\\\/\",\"url\":\"https:\\\/\\\/avanzaevents.com\\\/es\\\/nos-movemos-por-el-mundo-copenhague\\\/\",\"name\":\"\u25b7 Nos movemos por el Mundo: COPENHAGUE \u3010Avanza Events 2026 \u3011\",\"isPartOf\":{\"@id\":\"https:\\\/\\\/avanzaevents.com\\\/es\\\/#website\"},\"primaryImageOfPage\":{\"@id\":\"https:\\\/\\\/avanzaevents.com\\\/es\\\/nos-movemos-por-el-mundo-copenhague\\\/#primaryimage\"},\"image\":{\"@id\":\"https:\\\/\\\/avanzaevents.com\\\/es\\\/nos-movemos-por-el-mundo-copenhague\\\/#primaryimage\"},\"thumbnailUrl\":\"https:\\\/\\\/avanzaevents.com\\\/wp-content\\\/uploads\\\/2020\\\/04\\\/1474982498Sirenita.jpg\",\"datePublished\":\"2016-10-03T09:00:44+00:00\",\"dateModified\":\"2022-10-10T11:11:42+00:00\",\"description\":\"En Septiembre se ha producido el XXXIV Congreso de la Sociedad Europea de Catarata y Cirug\u00eda Refractiva (ESCRS) en Copenhague\",\"breadcrumb\":{\"@id\":\"https:\\\/\\\/avanzaevents.com\\\/es\\\/nos-movemos-por-el-mundo-copenhague\\\/#breadcrumb\"},\"inLanguage\":\"es\",\"potentialAction\":[{\"@type\":\"ReadAction\",\"target\":[\"https:\\\/\\\/avanzaevents.com\\\/es\\\/nos-movemos-por-el-mundo-copenhague\\\/\"]}]},{\"@type\":\"ImageObject\",\"inLanguage\":\"es\",\"@id\":\"https:\\\/\\\/avanzaevents.com\\\/es\\\/nos-movemos-por-el-mundo-copenhague\\\/#primaryimage\",\"url\":\"https:\\\/\\\/avanzaevents.com\\\/wp-content\\\/uploads\\\/2020\\\/04\\\/1474982498Sirenita.jpg\",\"contentUrl\":\"https:\\\/\\\/avanzaevents.com\\\/wp-content\\\/uploads\\\/2020\\\/04\\\/1474982498Sirenita.jpg\",\"width\":405,\"height\":335},{\"@type\":\"BreadcrumbList\",\"@id\":\"https:\\\/\\\/avanzaevents.com\\\/es\\\/nos-movemos-por-el-mundo-copenhague\\\/#breadcrumb\",\"itemListElement\":[{\"@type\":\"ListItem\",\"position\":1,\"name\":\"Portada\",\"item\":\"https:\\\/\\\/avanzaevents.com\\\/es\\\/\"},{\"@type\":\"ListItem\",\"position\":2,\"name\":\"Nos movemos por el Mundo: COPENHAGUE\"}]},{\"@type\":\"WebSite\",\"@id\":\"https:\\\/\\\/avanzaevents.com\\\/es\\\/#website\",\"url\":\"https:\\\/\\\/avanzaevents.com\\\/es\\\/\",\"name\":\"Avanza Group\",\"description\":\"Otro sitio realizado con WordPress\",\"publisher\":{\"@id\":\"https:\\\/\\\/avanzaevents.com\\\/es\\\/#organization\"},\"potentialAction\":[{\"@type\":\"SearchAction\",\"target\":{\"@type\":\"EntryPoint\",\"urlTemplate\":\"https:\\\/\\\/avanzaevents.com\\\/es\\\/?s={search_term_string}\"},\"query-input\":{\"@type\":\"PropertyValueSpecification\",\"valueRequired\":true,\"valueName\":\"search_term_string\"}}],\"inLanguage\":\"es\"},{\"@type\":\"Organization\",\"@id\":\"https:\\\/\\\/avanzaevents.com\\\/es\\\/#organization\",\"name\":\"Avanza group\",\"url\":\"https:\\\/\\\/avanzaevents.com\\\/es\\\/\",\"logo\":{\"@type\":\"ImageObject\",\"inLanguage\":\"es\",\"@id\":\"https:\\\/\\\/avanzaevents.com\\\/es\\\/#\\\/schema\\\/logo\\\/image\\\/\",\"url\":\"https:\\\/\\\/avanzaevents.com\\\/wp-content\\\/uploads\\\/2020\\\/02\\\/logo300px.png\",\"contentUrl\":\"https:\\\/\\\/avanzaevents.com\\\/wp-content\\\/uploads\\\/2020\\\/02\\\/logo300px.png\",\"width\":340,\"height\":125,\"caption\":\"Avanza group\"},\"image\":{\"@id\":\"https:\\\/\\\/avanzaevents.com\\\/es\\\/#\\\/schema\\\/logo\\\/image\\\/\"}},{\"@type\":\"Person\",\"@id\":\"https:\\\/\\\/avanzaevents.com\\\/es\\\/#\\\/schema\\\/person\\\/ca422fcb83d7cf293b21036c273366b5\",\"name\":\"Trazada Desarrollo web\",\"image\":{\"@type\":\"ImageObject\",\"inLanguage\":\"es\",\"@id\":\"https:\\\/\\\/secure.gravatar.com\\\/avatar\\\/d935574cdb9a07e324931665e188795d3fd82c2e32480fe40a908ad510b78011?s=96&d=mm&r=g\",\"url\":\"https:\\\/\\\/secure.gravatar.com\\\/avatar\\\/d935574cdb9a07e324931665e188795d3fd82c2e32480fe40a908ad510b78011?s=96&d=mm&r=g\",\"contentUrl\":\"https:\\\/\\\/secure.gravatar.com\\\/avatar\\\/d935574cdb9a07e324931665e188795d3fd82c2e32480fe40a908ad510b78011?s=96&d=mm&r=g\",\"caption\":\"Trazada Desarrollo web\"},\"url\":\"https:\\\/\\\/avanzaevents.com\\\/es\\\/author\\\/trazada_desarrollo\\\/\"}]}<\/script>\n<!-- \/ Yoast SEO plugin. -->","yoast_head_json":{"title":"\u25b7 Nos movemos por el Mundo: COPENHAGUE \u3010Avanza Events 2026 \u3011","description":"En Septiembre se ha producido el XXXIV Congreso de la Sociedad Europea de Catarata y Cirug\u00eda Refractiva (ESCRS) en Copenhague","robots":{"index":"index","follow":"follow","max-snippet":"max-snippet:-1","max-image-preview":"max-image-preview:large","max-video-preview":"max-video-preview:-1"},"canonical":"https:\/\/avanzaevents.com\/es\/nos-movemos-por-el-mundo-copenhague\/","og_locale":"es_ES","og_type":"article","og_title":"\u25b7 Nos movemos por el Mundo: COPENHAGUE \u3010Avanza Events 2026 \u3011","og_description":"En Septiembre se ha producido el XXXIV Congreso de la Sociedad Europea de Catarata y Cirug\u00eda Refractiva (ESCRS) en Copenhague","og_url":"https:\/\/avanzaevents.com\/es\/nos-movemos-por-el-mundo-copenhague\/","og_site_name":"Avanza Group","article_published_time":"2016-10-03T09:00:44+00:00","article_modified_time":"2022-10-10T11:11:42+00:00","og_image":[{"width":405,"height":335,"url":"https:\/\/avanzaevents.com\/wp-content\/uploads\/2020\/04\/1474982498Sirenita.jpg","type":"image\/jpeg"}],"author":"Trazada Desarrollo web","twitter_card":"summary_large_image","twitter_misc":{"Escrito por":"Trazada Desarrollo web","Tiempo de lectura":"4 minutos"},"schema":{"@context":"https:\/\/schema.org","@graph":[{"@type":"Article","@id":"https:\/\/avanzaevents.com\/es\/nos-movemos-por-el-mundo-copenhague\/#article","isPartOf":{"@id":"https:\/\/avanzaevents.com\/es\/nos-movemos-por-el-mundo-copenhague\/"},"author":{"name":"Trazada Desarrollo web","@id":"https:\/\/avanzaevents.com\/es\/#\/schema\/person\/ca422fcb83d7cf293b21036c273366b5"},"headline":"Nos movemos por el Mundo: COPENHAGUE","datePublished":"2016-10-03T09:00:44+00:00","dateModified":"2022-10-10T11:11:42+00:00","mainEntityOfPage":{"@id":"https:\/\/avanzaevents.com\/es\/nos-movemos-por-el-mundo-copenhague\/"},"wordCount":738,"commentCount":0,"publisher":{"@id":"https:\/\/avanzaevents.com\/es\/#organization"},"image":{"@id":"https:\/\/avanzaevents.com\/es\/nos-movemos-por-el-mundo-copenhague\/#primaryimage"},"thumbnailUrl":"https:\/\/avanzaevents.com\/wp-content\/uploads\/2020\/04\/1474982498Sirenita.jpg","articleSection":["Blog"],"inLanguage":"es","potentialAction":[{"@type":"CommentAction","name":"Comment","target":["https:\/\/avanzaevents.com\/es\/nos-movemos-por-el-mundo-copenhague\/#respond"]}]},{"@type":"WebPage","@id":"https:\/\/avanzaevents.com\/es\/nos-movemos-por-el-mundo-copenhague\/","url":"https:\/\/avanzaevents.com\/es\/nos-movemos-por-el-mundo-copenhague\/","name":"\u25b7 Nos movemos por el Mundo: COPENHAGUE \u3010Avanza Events 2026 \u3011","isPartOf":{"@id":"https:\/\/avanzaevents.com\/es\/#website"},"primaryImageOfPage":{"@id":"https:\/\/avanzaevents.com\/es\/nos-movemos-por-el-mundo-copenhague\/#primaryimage"},"image":{"@id":"https:\/\/avanzaevents.com\/es\/nos-movemos-por-el-mundo-copenhague\/#primaryimage"},"thumbnailUrl":"https:\/\/avanzaevents.com\/wp-content\/uploads\/2020\/04\/1474982498Sirenita.jpg","datePublished":"2016-10-03T09:00:44+00:00","dateModified":"2022-10-10T11:11:42+00:00","description":"En Septiembre se ha producido el XXXIV Congreso de la Sociedad Europea de Catarata y Cirug\u00eda Refractiva (ESCRS) en Copenhague","breadcrumb":{"@id":"https:\/\/avanzaevents.com\/es\/nos-movemos-por-el-mundo-copenhague\/#breadcrumb"},"inLanguage":"es","potentialAction":[{"@type":"ReadAction","target":["https:\/\/avanzaevents.com\/es\/nos-movemos-por-el-mundo-copenhague\/"]}]},{"@type":"ImageObject","inLanguage":"es","@id":"https:\/\/avanzaevents.com\/es\/nos-movemos-por-el-mundo-copenhague\/#primaryimage","url":"https:\/\/avanzaevents.com\/wp-content\/uploads\/2020\/04\/1474982498Sirenita.jpg","contentUrl":"https:\/\/avanzaevents.com\/wp-content\/uploads\/2020\/04\/1474982498Sirenita.jpg","width":405,"height":335},{"@type":"BreadcrumbList","@id":"https:\/\/avanzaevents.com\/es\/nos-movemos-por-el-mundo-copenhague\/#breadcrumb","itemListElement":[{"@type":"ListItem","position":1,"name":"Portada","item":"https:\/\/avanzaevents.com\/es\/"},{"@type":"ListItem","position":2,"name":"Nos movemos por el Mundo: COPENHAGUE"}]},{"@type":"WebSite","@id":"https:\/\/avanzaevents.com\/es\/#website","url":"https:\/\/avanzaevents.com\/es\/","name":"Avanza Group","description":"Otro sitio realizado con WordPress","publisher":{"@id":"https:\/\/avanzaevents.com\/es\/#organization"},"potentialAction":[{"@type":"SearchAction","target":{"@type":"EntryPoint","urlTemplate":"https:\/\/avanzaevents.com\/es\/?s={search_term_string}"},"query-input":{"@type":"PropertyValueSpecification","valueRequired":true,"valueName":"search_term_string"}}],"inLanguage":"es"},{"@type":"Organization","@id":"https:\/\/avanzaevents.com\/es\/#organization","name":"Avanza group","url":"https:\/\/avanzaevents.com\/es\/","logo":{"@type":"ImageObject","inLanguage":"es","@id":"https:\/\/avanzaevents.com\/es\/#\/schema\/logo\/image\/","url":"https:\/\/avanzaevents.com\/wp-content\/uploads\/2020\/02\/logo300px.png","contentUrl":"https:\/\/avanzaevents.com\/wp-content\/uploads\/2020\/02\/logo300px.png","width":340,"height":125,"caption":"Avanza group"},"image":{"@id":"https:\/\/avanzaevents.com\/es\/#\/schema\/logo\/image\/"}},{"@type":"Person","@id":"https:\/\/avanzaevents.com\/es\/#\/schema\/person\/ca422fcb83d7cf293b21036c273366b5","name":"Trazada Desarrollo web","image":{"@type":"ImageObject","inLanguage":"es","@id":"https:\/\/secure.gravatar.com\/avatar\/d935574cdb9a07e324931665e188795d3fd82c2e32480fe40a908ad510b78011?s=96&d=mm&r=g","url":"https:\/\/secure.gravatar.com\/avatar\/d935574cdb9a07e324931665e188795d3fd82c2e32480fe40a908ad510b78011?s=96&d=mm&r=g","contentUrl":"https:\/\/secure.gravatar.com\/avatar\/d935574cdb9a07e324931665e188795d3fd82c2e32480fe40a908ad510b78011?s=96&d=mm&r=g","caption":"Trazada Desarrollo web"},"url":"https:\/\/avanzaevents.com\/es\/author\/trazada_desarrollo\/"}]}},"_links":{"self":[{"href":"https:\/\/avanzaevents.com\/es\/wp-json\/wp\/v2\/posts\/1642","targetHints":{"allow":["GET"]}}],"collection":[{"href":"https:\/\/avanzaevents.com\/es\/wp-json\/wp\/v2\/posts"}],"about":[{"href":"https:\/\/avanzaevents.com\/es\/wp-json\/wp\/v2\/types\/post"}],"author":[{"embeddable":true,"href":"https:\/\/avanzaevents.com\/es\/wp-json\/wp\/v2\/users\/11"}],"replies":[{"embeddable":true,"href":"https:\/\/avanzaevents.com\/es\/wp-json\/wp\/v2\/comments?post=1642"}],"version-history":[{"count":0,"href":"https:\/\/avanzaevents.com\/es\/wp-json\/wp\/v2\/posts\/1642\/revisions"}],"wp:featuredmedia":[{"embeddable":true,"href":"https:\/\/avanzaevents.com\/es\/wp-json\/wp\/v2\/media\/1754"}],"wp:attachment":[{"href":"https:\/\/avanzaevents.com\/es\/wp-json\/wp\/v2\/media?parent=1642"}],"wp:term":[{"taxonomy":"category","embeddable":true,"href":"https:\/\/avanzaevents.com\/es\/wp-json\/wp\/v2\/categories?post=1642"},{"taxonomy":"post_tag","embeddable":true,"href":"https:\/\/avanzaevents.com\/es\/wp-json\/wp\/v2\/tags?post=1642"}],"curies":[{"name":"wp","href":"https:\/\/api.w.org\/{rel}","templated":true}]}}