{"id":18704,"date":"2024-09-19T14:12:01","date_gmt":"2024-09-19T12:12:01","guid":{"rendered":"https:\/\/avanzaevents.com\/?p=18704"},"modified":"2024-12-19T12:57:51","modified_gmt":"2024-12-19T11:57:51","slug":"stands-para-isse-y-airfren-en-automechanika-frankfurt","status":"publish","type":"post","link":"https:\/\/avanzaevents.com\/es\/stands-para-isse-y-airfren-en-automechanika-frankfurt\/","title":{"rendered":"STANDS PARA ISSE Y AIRFREN EN AUTOMECHANIKA (FRANKFURT)"},"content":{"rendered":"<div>AVANZA se encarg\u00f3 del dise\u00f1o y construcci\u00f3n de los stands para ISSE y AIRFREN en la feria AUTOMECHANIKA, celebrada en septiembre de 2024 en Frankfurt.<\/div>\n<div><\/div>\n<div>En esta edici\u00f3n, con m\u00e1s de 4000 expositores de 80 pa\u00edses, nuestros stands de dise\u00f1o destacaron por sus espacios abiertos y acogedores, con luces LED y l\u00edneas que se amoldan a la imagen corporativa de cada empresa:<\/div>\n<div>ISSE: l\u00edneas curvas<\/div>\n<div>AIRFREN: l\u00edneas en diagonal<\/div>\n<div><\/div>\n<div>Con carteles a gran escala en las paredes y zonas de reuni\u00f3n, el resultado fue de gran afluencia de p\u00fablico y la satisfacci\u00f3n de los clientes por haber mostrado la imagen de marca y conseguido los objetivos de la empresa, como es llamar la atenci\u00f3n en un gran sal\u00f3n internacional como es AUTOMECHANIKA.<\/div>\n","protected":false},"excerpt":{"rendered":"<p>AVANZA se encarg\u00f3 del dise\u00f1o y construcci\u00f3n de los stands para ISSE y AIRFREN en la feria AUTOMECHANIKA, celebrada en [&hellip;]<\/p>\n","protected":false},"author":8,"featured_media":18705,"comment_status":"open","ping_status":"closed","sticky":false,"template":"","format":"standard","meta":{"_acf_changed":false,"site-sidebar-layout":"default","site-content-layout":"","ast-site-content-layout":"default","site-content-style":"default","site-sidebar-style":"default","ast-global-header-display":"","ast-banner-title-visibility":"","ast-main-header-display":"","ast-hfb-above-header-display":"","ast-hfb-below-header-display":"","ast-hfb-mobile-header-display":"","site-post-title":"","ast-breadcrumbs-content":"","ast-featured-img":"","footer-sml-layout":"","ast-disable-related-posts":"","theme-transparent-header-meta":"","adv-header-id-meta":"","stick-header-meta":"","header-above-stick-meta":"","header-main-stick-meta":"","header-below-stick-meta":"","astra-migrate-meta-layouts":"default","ast-page-background-enabled":"default","ast-page-background-meta":{"desktop":{"background-color":"var(--ast-global-color-5)","background-image":"","background-repeat":"repeat","background-position":"center center","background-size":"auto","background-attachment":"scroll","background-type":"","background-media":"","overlay-type":"","overlay-color":"","overlay-opacity":"","overlay-gradient":""},"tablet":{"background-color":"","background-image":"","background-repeat":"repeat","background-position":"center center","background-size":"auto","background-attachment":"scroll","background-type":"","background-media":"","overlay-type":"","overlay-color":"","overlay-opacity":"","overlay-gradient":""},"mobile":{"background-color":"","background-image":"","background-repeat":"repeat","background-position":"center center","background-size":"auto","background-attachment":"scroll","background-type":"","background-media":"","overlay-type":"","overlay-color":"","overlay-opacity":"","overlay-gradient":""}},"ast-content-background-meta":{"desktop":{"background-color":"var(--ast-global-color-4)","background-image":"","background-repeat":"repeat","background-position":"center center","background-size":"auto","background-attachment":"scroll","background-type":"","background-media":"","overlay-type":"","overlay-color":"","overlay-opacity":"","overlay-gradient":""},"tablet":{"background-color":"var(--ast-global-color-4)","background-image":"","background-repeat":"repeat","background-position":"center center","background-size":"auto","background-attachment":"scroll","background-type":"","background-media":"","overlay-type":"","overlay-color":"","overlay-opacity":"","overlay-gradient":""},"mobile":{"background-color":"var(--ast-global-color-4)","background-image":"","background-repeat":"repeat","background-position":"center center","background-size":"auto","background-attachment":"scroll","background-type":"","background-media":"","overlay-type":"","overlay-color":"","overlay-opacity":"","overlay-gradient":""}},"_joinchat":[],"footnotes":""},"categories":[6],"tags":[],"class_list":["post-18704","post","type-post","status-publish","format-standard","has-post-thumbnail","hentry","category-noticias"],"acf":[],"yoast_head":"<!-- This site is optimized with the Yoast SEO plugin v27.5 - https:\/\/yoast.com\/product\/yoast-seo-wordpress\/ -->\n<title>Stands para ISSE y Airfren en Automechanika Frankfurt 2022<\/title>\n<meta name=\"description\" content=\"Conoce los stands dise\u00f1ados para ISSE y Airfren en Automechanika Frankfurt 2022. Innovaci\u00f3n y creatividad en el sector automotriz.\" \/>\n<meta name=\"robots\" content=\"index, follow, max-snippet:-1, max-image-preview:large, max-video-preview:-1\" \/>\n<link rel=\"canonical\" href=\"https:\/\/avanzaevents.com\/es\/stands-para-isse-y-airfren-en-automechanika-frankfurt\/\" \/>\n<meta property=\"og:locale\" content=\"es_ES\" \/>\n<meta property=\"og:type\" content=\"article\" \/>\n<meta property=\"og:title\" content=\"Stands para ISSE y Airfren en Automechanika Frankfurt 2022\" \/>\n<meta property=\"og:description\" content=\"Conoce los stands dise\u00f1ados para ISSE y Airfren en Automechanika Frankfurt 2022. Innovaci\u00f3n y creatividad en el sector automotriz.\" \/>\n<meta property=\"og:url\" content=\"https:\/\/avanzaevents.com\/es\/stands-para-isse-y-airfren-en-automechanika-frankfurt\/\" \/>\n<meta property=\"og:site_name\" content=\"Avanza Group\" \/>\n<meta property=\"article:published_time\" content=\"2024-09-19T12:12:01+00:00\" \/>\n<meta property=\"article:modified_time\" content=\"2024-12-19T11:57:51+00:00\" \/>\n<meta property=\"og:image\" content=\"https:\/\/avanzaevents.com\/wp-content\/uploads\/2024\/09\/automechanika-2024.jpg\" \/>\n\t<meta property=\"og:image:width\" content=\"1080\" \/>\n\t<meta property=\"og:image:height\" content=\"1080\" \/>\n\t<meta property=\"og:image:type\" content=\"image\/jpeg\" \/>\n<meta name=\"author\" content=\"vicky\" \/>\n<meta name=\"twitter:card\" content=\"summary_large_image\" \/>\n<meta name=\"twitter:label1\" content=\"Escrito por\" \/>\n\t<meta name=\"twitter:data1\" content=\"vicky\" \/>\n\t<meta name=\"twitter:label2\" content=\"Tiempo de lectura\" \/>\n\t<meta name=\"twitter:data2\" content=\"1 minuto\" \/>\n<script type=\"application\/ld+json\" class=\"yoast-schema-graph\">{\"@context\":\"https:\\\/\\\/schema.org\",\"@graph\":[{\"@type\":\"Article\",\"@id\":\"https:\\\/\\\/avanzaevents.com\\\/es\\\/stands-para-isse-y-airfren-en-automechanika-frankfurt\\\/#article\",\"isPartOf\":{\"@id\":\"https:\\\/\\\/avanzaevents.com\\\/es\\\/stands-para-isse-y-airfren-en-automechanika-frankfurt\\\/\"},\"author\":{\"name\":\"vicky\",\"@id\":\"https:\\\/\\\/avanzaevents.com\\\/es\\\/#\\\/schema\\\/person\\\/ef5a150a12d1976dae694dfbd043577a\"},\"headline\":\"STANDS PARA ISSE Y AIRFREN EN AUTOMECHANIKA (FRANKFURT)\",\"datePublished\":\"2024-09-19T12:12:01+00:00\",\"dateModified\":\"2024-12-19T11:57:51+00:00\",\"mainEntityOfPage\":{\"@id\":\"https:\\\/\\\/avanzaevents.com\\\/es\\\/stands-para-isse-y-airfren-en-automechanika-frankfurt\\\/\"},\"wordCount\":141,\"commentCount\":0,\"publisher\":{\"@id\":\"https:\\\/\\\/avanzaevents.com\\\/es\\\/#organization\"},\"image\":{\"@id\":\"https:\\\/\\\/avanzaevents.com\\\/es\\\/stands-para-isse-y-airfren-en-automechanika-frankfurt\\\/#primaryimage\"},\"thumbnailUrl\":\"https:\\\/\\\/avanzaevents.com\\\/wp-content\\\/uploads\\\/2024\\\/09\\\/automechanika-2024.jpg\",\"articleSection\":[\"Internacional\"],\"inLanguage\":\"es\",\"potentialAction\":[{\"@type\":\"CommentAction\",\"name\":\"Comment\",\"target\":[\"https:\\\/\\\/avanzaevents.com\\\/es\\\/stands-para-isse-y-airfren-en-automechanika-frankfurt\\\/#respond\"]}]},{\"@type\":\"WebPage\",\"@id\":\"https:\\\/\\\/avanzaevents.com\\\/es\\\/stands-para-isse-y-airfren-en-automechanika-frankfurt\\\/\",\"url\":\"https:\\\/\\\/avanzaevents.com\\\/es\\\/stands-para-isse-y-airfren-en-automechanika-frankfurt\\\/\",\"name\":\"Stands para ISSE y Airfren en Automechanika Frankfurt 2022\",\"isPartOf\":{\"@id\":\"https:\\\/\\\/avanzaevents.com\\\/es\\\/#website\"},\"primaryImageOfPage\":{\"@id\":\"https:\\\/\\\/avanzaevents.com\\\/es\\\/stands-para-isse-y-airfren-en-automechanika-frankfurt\\\/#primaryimage\"},\"image\":{\"@id\":\"https:\\\/\\\/avanzaevents.com\\\/es\\\/stands-para-isse-y-airfren-en-automechanika-frankfurt\\\/#primaryimage\"},\"thumbnailUrl\":\"https:\\\/\\\/avanzaevents.com\\\/wp-content\\\/uploads\\\/2024\\\/09\\\/automechanika-2024.jpg\",\"datePublished\":\"2024-09-19T12:12:01+00:00\",\"dateModified\":\"2024-12-19T11:57:51+00:00\",\"description\":\"Conoce los stands dise\u00f1ados para ISSE y Airfren en Automechanika Frankfurt 2022. Innovaci\u00f3n y creatividad en el sector automotriz.\",\"breadcrumb\":{\"@id\":\"https:\\\/\\\/avanzaevents.com\\\/es\\\/stands-para-isse-y-airfren-en-automechanika-frankfurt\\\/#breadcrumb\"},\"inLanguage\":\"es\",\"potentialAction\":[{\"@type\":\"ReadAction\",\"target\":[\"https:\\\/\\\/avanzaevents.com\\\/es\\\/stands-para-isse-y-airfren-en-automechanika-frankfurt\\\/\"]}]},{\"@type\":\"ImageObject\",\"inLanguage\":\"es\",\"@id\":\"https:\\\/\\\/avanzaevents.com\\\/es\\\/stands-para-isse-y-airfren-en-automechanika-frankfurt\\\/#primaryimage\",\"url\":\"https:\\\/\\\/avanzaevents.com\\\/wp-content\\\/uploads\\\/2024\\\/09\\\/automechanika-2024.jpg\",\"contentUrl\":\"https:\\\/\\\/avanzaevents.com\\\/wp-content\\\/uploads\\\/2024\\\/09\\\/automechanika-2024.jpg\",\"width\":1080,\"height\":1080,\"caption\":\"automechanika 2024\"},{\"@type\":\"BreadcrumbList\",\"@id\":\"https:\\\/\\\/avanzaevents.com\\\/es\\\/stands-para-isse-y-airfren-en-automechanika-frankfurt\\\/#breadcrumb\",\"itemListElement\":[{\"@type\":\"ListItem\",\"position\":1,\"name\":\"Portada\",\"item\":\"https:\\\/\\\/avanzaevents.com\\\/es\\\/\"},{\"@type\":\"ListItem\",\"position\":2,\"name\":\"STANDS PARA ISSE Y AIRFREN EN AUTOMECHANIKA (FRANKFURT)\"}]},{\"@type\":\"WebSite\",\"@id\":\"https:\\\/\\\/avanzaevents.com\\\/es\\\/#website\",\"url\":\"https:\\\/\\\/avanzaevents.com\\\/es\\\/\",\"name\":\"Avanza Group\",\"description\":\"Otro sitio realizado con WordPress\",\"publisher\":{\"@id\":\"https:\\\/\\\/avanzaevents.com\\\/es\\\/#organization\"},\"potentialAction\":[{\"@type\":\"SearchAction\",\"target\":{\"@type\":\"EntryPoint\",\"urlTemplate\":\"https:\\\/\\\/avanzaevents.com\\\/es\\\/?s={search_term_string}\"},\"query-input\":{\"@type\":\"PropertyValueSpecification\",\"valueRequired\":true,\"valueName\":\"search_term_string\"}}],\"inLanguage\":\"es\"},{\"@type\":\"Organization\",\"@id\":\"https:\\\/\\\/avanzaevents.com\\\/es\\\/#organization\",\"name\":\"Avanza group\",\"url\":\"https:\\\/\\\/avanzaevents.com\\\/es\\\/\",\"logo\":{\"@type\":\"ImageObject\",\"inLanguage\":\"es\",\"@id\":\"https:\\\/\\\/avanzaevents.com\\\/es\\\/#\\\/schema\\\/logo\\\/image\\\/\",\"url\":\"https:\\\/\\\/avanzaevents.com\\\/wp-content\\\/uploads\\\/2020\\\/02\\\/logo300px.png\",\"contentUrl\":\"https:\\\/\\\/avanzaevents.com\\\/wp-content\\\/uploads\\\/2020\\\/02\\\/logo300px.png\",\"width\":340,\"height\":125,\"caption\":\"Avanza group\"},\"image\":{\"@id\":\"https:\\\/\\\/avanzaevents.com\\\/es\\\/#\\\/schema\\\/logo\\\/image\\\/\"}},{\"@type\":\"Person\",\"@id\":\"https:\\\/\\\/avanzaevents.com\\\/es\\\/#\\\/schema\\\/person\\\/ef5a150a12d1976dae694dfbd043577a\",\"name\":\"vicky\",\"image\":{\"@type\":\"ImageObject\",\"inLanguage\":\"es\",\"@id\":\"https:\\\/\\\/secure.gravatar.com\\\/avatar\\\/d709368248c2960428f34a7adc442d40b7f8da20ba664aba803a029186f748d3?s=96&d=mm&r=g\",\"url\":\"https:\\\/\\\/secure.gravatar.com\\\/avatar\\\/d709368248c2960428f34a7adc442d40b7f8da20ba664aba803a029186f748d3?s=96&d=mm&r=g\",\"contentUrl\":\"https:\\\/\\\/secure.gravatar.com\\\/avatar\\\/d709368248c2960428f34a7adc442d40b7f8da20ba664aba803a029186f748d3?s=96&d=mm&r=g\",\"caption\":\"vicky\"},\"url\":\"https:\\\/\\\/avanzaevents.com\\\/es\\\/author\\\/vicky\\\/\"}]}<\/script>\n<!-- \/ Yoast SEO plugin. -->","yoast_head_json":{"title":"Stands para ISSE y Airfren en Automechanika Frankfurt 2022","description":"Conoce los stands dise\u00f1ados para ISSE y Airfren en Automechanika Frankfurt 2022. Innovaci\u00f3n y creatividad en el sector automotriz.","robots":{"index":"index","follow":"follow","max-snippet":"max-snippet:-1","max-image-preview":"max-image-preview:large","max-video-preview":"max-video-preview:-1"},"canonical":"https:\/\/avanzaevents.com\/es\/stands-para-isse-y-airfren-en-automechanika-frankfurt\/","og_locale":"es_ES","og_type":"article","og_title":"Stands para ISSE y Airfren en Automechanika Frankfurt 2022","og_description":"Conoce los stands dise\u00f1ados para ISSE y Airfren en Automechanika Frankfurt 2022. Innovaci\u00f3n y creatividad en el sector automotriz.","og_url":"https:\/\/avanzaevents.com\/es\/stands-para-isse-y-airfren-en-automechanika-frankfurt\/","og_site_name":"Avanza Group","article_published_time":"2024-09-19T12:12:01+00:00","article_modified_time":"2024-12-19T11:57:51+00:00","og_image":[{"width":1080,"height":1080,"url":"https:\/\/avanzaevents.com\/wp-content\/uploads\/2024\/09\/automechanika-2024.jpg","type":"image\/jpeg"}],"author":"vicky","twitter_card":"summary_large_image","twitter_misc":{"Escrito por":"vicky","Tiempo de lectura":"1 minuto"},"schema":{"@context":"https:\/\/schema.org","@graph":[{"@type":"Article","@id":"https:\/\/avanzaevents.com\/es\/stands-para-isse-y-airfren-en-automechanika-frankfurt\/#article","isPartOf":{"@id":"https:\/\/avanzaevents.com\/es\/stands-para-isse-y-airfren-en-automechanika-frankfurt\/"},"author":{"name":"vicky","@id":"https:\/\/avanzaevents.com\/es\/#\/schema\/person\/ef5a150a12d1976dae694dfbd043577a"},"headline":"STANDS PARA ISSE Y AIRFREN EN AUTOMECHANIKA (FRANKFURT)","datePublished":"2024-09-19T12:12:01+00:00","dateModified":"2024-12-19T11:57:51+00:00","mainEntityOfPage":{"@id":"https:\/\/avanzaevents.com\/es\/stands-para-isse-y-airfren-en-automechanika-frankfurt\/"},"wordCount":141,"commentCount":0,"publisher":{"@id":"https:\/\/avanzaevents.com\/es\/#organization"},"image":{"@id":"https:\/\/avanzaevents.com\/es\/stands-para-isse-y-airfren-en-automechanika-frankfurt\/#primaryimage"},"thumbnailUrl":"https:\/\/avanzaevents.com\/wp-content\/uploads\/2024\/09\/automechanika-2024.jpg","articleSection":["Internacional"],"inLanguage":"es","potentialAction":[{"@type":"CommentAction","name":"Comment","target":["https:\/\/avanzaevents.com\/es\/stands-para-isse-y-airfren-en-automechanika-frankfurt\/#respond"]}]},{"@type":"WebPage","@id":"https:\/\/avanzaevents.com\/es\/stands-para-isse-y-airfren-en-automechanika-frankfurt\/","url":"https:\/\/avanzaevents.com\/es\/stands-para-isse-y-airfren-en-automechanika-frankfurt\/","name":"Stands para ISSE y Airfren en Automechanika Frankfurt 2022","isPartOf":{"@id":"https:\/\/avanzaevents.com\/es\/#website"},"primaryImageOfPage":{"@id":"https:\/\/avanzaevents.com\/es\/stands-para-isse-y-airfren-en-automechanika-frankfurt\/#primaryimage"},"image":{"@id":"https:\/\/avanzaevents.com\/es\/stands-para-isse-y-airfren-en-automechanika-frankfurt\/#primaryimage"},"thumbnailUrl":"https:\/\/avanzaevents.com\/wp-content\/uploads\/2024\/09\/automechanika-2024.jpg","datePublished":"2024-09-19T12:12:01+00:00","dateModified":"2024-12-19T11:57:51+00:00","description":"Conoce los stands dise\u00f1ados para ISSE y Airfren en Automechanika Frankfurt 2022. Innovaci\u00f3n y creatividad en el sector automotriz.","breadcrumb":{"@id":"https:\/\/avanzaevents.com\/es\/stands-para-isse-y-airfren-en-automechanika-frankfurt\/#breadcrumb"},"inLanguage":"es","potentialAction":[{"@type":"ReadAction","target":["https:\/\/avanzaevents.com\/es\/stands-para-isse-y-airfren-en-automechanika-frankfurt\/"]}]},{"@type":"ImageObject","inLanguage":"es","@id":"https:\/\/avanzaevents.com\/es\/stands-para-isse-y-airfren-en-automechanika-frankfurt\/#primaryimage","url":"https:\/\/avanzaevents.com\/wp-content\/uploads\/2024\/09\/automechanika-2024.jpg","contentUrl":"https:\/\/avanzaevents.com\/wp-content\/uploads\/2024\/09\/automechanika-2024.jpg","width":1080,"height":1080,"caption":"automechanika 2024"},{"@type":"BreadcrumbList","@id":"https:\/\/avanzaevents.com\/es\/stands-para-isse-y-airfren-en-automechanika-frankfurt\/#breadcrumb","itemListElement":[{"@type":"ListItem","position":1,"name":"Portada","item":"https:\/\/avanzaevents.com\/es\/"},{"@type":"ListItem","position":2,"name":"STANDS PARA ISSE Y AIRFREN EN AUTOMECHANIKA (FRANKFURT)"}]},{"@type":"WebSite","@id":"https:\/\/avanzaevents.com\/es\/#website","url":"https:\/\/avanzaevents.com\/es\/","name":"Avanza Group","description":"Otro sitio realizado con WordPress","publisher":{"@id":"https:\/\/avanzaevents.com\/es\/#organization"},"potentialAction":[{"@type":"SearchAction","target":{"@type":"EntryPoint","urlTemplate":"https:\/\/avanzaevents.com\/es\/?s={search_term_string}"},"query-input":{"@type":"PropertyValueSpecification","valueRequired":true,"valueName":"search_term_string"}}],"inLanguage":"es"},{"@type":"Organization","@id":"https:\/\/avanzaevents.com\/es\/#organization","name":"Avanza group","url":"https:\/\/avanzaevents.com\/es\/","logo":{"@type":"ImageObject","inLanguage":"es","@id":"https:\/\/avanzaevents.com\/es\/#\/schema\/logo\/image\/","url":"https:\/\/avanzaevents.com\/wp-content\/uploads\/2020\/02\/logo300px.png","contentUrl":"https:\/\/avanzaevents.com\/wp-content\/uploads\/2020\/02\/logo300px.png","width":340,"height":125,"caption":"Avanza group"},"image":{"@id":"https:\/\/avanzaevents.com\/es\/#\/schema\/logo\/image\/"}},{"@type":"Person","@id":"https:\/\/avanzaevents.com\/es\/#\/schema\/person\/ef5a150a12d1976dae694dfbd043577a","name":"vicky","image":{"@type":"ImageObject","inLanguage":"es","@id":"https:\/\/secure.gravatar.com\/avatar\/d709368248c2960428f34a7adc442d40b7f8da20ba664aba803a029186f748d3?s=96&d=mm&r=g","url":"https:\/\/secure.gravatar.com\/avatar\/d709368248c2960428f34a7adc442d40b7f8da20ba664aba803a029186f748d3?s=96&d=mm&r=g","contentUrl":"https:\/\/secure.gravatar.com\/avatar\/d709368248c2960428f34a7adc442d40b7f8da20ba664aba803a029186f748d3?s=96&d=mm&r=g","caption":"vicky"},"url":"https:\/\/avanzaevents.com\/es\/author\/vicky\/"}]}},"_links":{"self":[{"href":"https:\/\/avanzaevents.com\/es\/wp-json\/wp\/v2\/posts\/18704","targetHints":{"allow":["GET"]}}],"collection":[{"href":"https:\/\/avanzaevents.com\/es\/wp-json\/wp\/v2\/posts"}],"about":[{"href":"https:\/\/avanzaevents.com\/es\/wp-json\/wp\/v2\/types\/post"}],"author":[{"embeddable":true,"href":"https:\/\/avanzaevents.com\/es\/wp-json\/wp\/v2\/users\/8"}],"replies":[{"embeddable":true,"href":"https:\/\/avanzaevents.com\/es\/wp-json\/wp\/v2\/comments?post=18704"}],"version-history":[{"count":1,"href":"https:\/\/avanzaevents.com\/es\/wp-json\/wp\/v2\/posts\/18704\/revisions"}],"predecessor-version":[{"id":18707,"href":"https:\/\/avanzaevents.com\/es\/wp-json\/wp\/v2\/posts\/18704\/revisions\/18707"}],"wp:featuredmedia":[{"embeddable":true,"href":"https:\/\/avanzaevents.com\/es\/wp-json\/wp\/v2\/media\/18705"}],"wp:attachment":[{"href":"https:\/\/avanzaevents.com\/es\/wp-json\/wp\/v2\/media?parent=18704"}],"wp:term":[{"taxonomy":"category","embeddable":true,"href":"https:\/\/avanzaevents.com\/es\/wp-json\/wp\/v2\/categories?post=18704"},{"taxonomy":"post_tag","embeddable":true,"href":"https:\/\/avanzaevents.com\/es\/wp-json\/wp\/v2\/tags?post=18704"}],"curies":[{"name":"wp","href":"https:\/\/api.w.org\/{rel}","templated":true}]}}