{"id":25204,"date":"2025-10-20T12:07:29","date_gmt":"2025-10-20T10:07:29","guid":{"rendered":"https:\/\/avanzaevents.com\/?p=25204"},"modified":"2025-11-19T11:18:09","modified_gmt":"2025-11-19T10:18:09","slug":"stand-de-diseno-para-frutmac-en-fruit-attraction-ifema","status":"publish","type":"post","link":"https:\/\/avanzaevents.com\/es\/stand-de-diseno-para-frutmac-en-fruit-attraction-ifema\/","title":{"rendered":"STAND DE DISE\u00d1O PARA FRUTMAC\u00a0EN FRUIT ATTRACTION (IFEMA)"},"content":{"rendered":"\t\t<div data-elementor-type=\"wp-post\" data-elementor-id=\"25204\" class=\"elementor elementor-25204\" data-elementor-post-type=\"post\">\n\t\t\t\t<div class=\"elementor-element elementor-element-552f6d2 e-flex e-con-boxed e-con e-parent\" data-id=\"552f6d2\" data-element_type=\"container\" data-e-type=\"container\">\n\t\t\t\t\t<div class=\"e-con-inner\">\n\t\t\t\t<div class=\"elementor-element elementor-element-97b9f24 elementor-widget elementor-widget-text-editor\" data-id=\"97b9f24\" data-element_type=\"widget\" data-e-type=\"widget\" data-widget_type=\"text-editor.default\">\n\t\t\t\t<div class=\"elementor-widget-container\">\n\t\t\t\t\t\t\t\t\t<p>Stand de dise\u00f1o para Frutmac en Fruit Attraction 2025, celebrado en IFEMA (Madrid). Un proyecto concebido para transmitir la innovaci\u00f3n tecnol\u00f3gica y la precisi\u00f3n que caracterizan a la marca.<\/p><p>El espacio se estructur\u00f3 con l\u00edneas limpias, tonos oscuros y detalles en madera, creando una atm\u00f3sfera profesional y contempor\u00e1nea. La iluminaci\u00f3n puntual y las zonas de exposici\u00f3n resaltaron la maquinaria y los productos, mientras que las \u00e1reas de reuni\u00f3n ofrec\u00edan un entorno funcional y elegante para la interacci\u00f3n comercial.<\/p><p>Un proyecto donde el dise\u00f1o, la t\u00e9cnica y la identidad visual se integran para reflejar el liderazgo de Frutmac en el sector del envasado alimentario.<\/p>\t\t\t\t\t\t\t\t<\/div>\n\t\t\t\t<\/div>\n\t\t\t\t\t<\/div>\n\t\t\t\t<\/div>\n\t\t\t\t<\/div>\n\t\t","protected":false},"excerpt":{"rendered":"<p>Stand de dise\u00f1o para Frutmac en Fruit Attraction 2025, celebrado en IFEMA (Madrid). Un proyecto concebido para transmitir la innovaci\u00f3n [&hellip;]<\/p>\n","protected":false},"author":8,"featured_media":25206,"comment_status":"open","ping_status":"closed","sticky":false,"template":"","format":"standard","meta":{"_acf_changed":false,"site-sidebar-layout":"default","site-content-layout":"","ast-site-content-layout":"default","site-content-style":"default","site-sidebar-style":"default","ast-global-header-display":"","ast-banner-title-visibility":"","ast-main-header-display":"","ast-hfb-above-header-display":"","ast-hfb-below-header-display":"","ast-hfb-mobile-header-display":"","site-post-title":"","ast-breadcrumbs-content":"","ast-featured-img":"","footer-sml-layout":"","ast-disable-related-posts":"","theme-transparent-header-meta":"","adv-header-id-meta":"","stick-header-meta":"","header-above-stick-meta":"","header-main-stick-meta":"","header-below-stick-meta":"","astra-migrate-meta-layouts":"default","ast-page-background-enabled":"default","ast-page-background-meta":{"desktop":{"background-color":"var(--ast-global-color-5)","background-image":"","background-repeat":"repeat","background-position":"center center","background-size":"auto","background-attachment":"scroll","background-type":"","background-media":"","overlay-type":"","overlay-color":"","overlay-opacity":"","overlay-gradient":""},"tablet":{"background-color":"","background-image":"","background-repeat":"repeat","background-position":"center center","background-size":"auto","background-attachment":"scroll","background-type":"","background-media":"","overlay-type":"","overlay-color":"","overlay-opacity":"","overlay-gradient":""},"mobile":{"background-color":"","background-image":"","background-repeat":"repeat","background-position":"center center","background-size":"auto","background-attachment":"scroll","background-type":"","background-media":"","overlay-type":"","overlay-color":"","overlay-opacity":"","overlay-gradient":""}},"ast-content-background-meta":{"desktop":{"background-color":"var(--ast-global-color-4)","background-image":"","background-repeat":"repeat","background-position":"center center","background-size":"auto","background-attachment":"scroll","background-type":"","background-media":"","overlay-type":"","overlay-color":"","overlay-opacity":"","overlay-gradient":""},"tablet":{"background-color":"var(--ast-global-color-4)","background-image":"","background-repeat":"repeat","background-position":"center center","background-size":"auto","background-attachment":"scroll","background-type":"","background-media":"","overlay-type":"","overlay-color":"","overlay-opacity":"","overlay-gradient":""},"mobile":{"background-color":"var(--ast-global-color-4)","background-image":"","background-repeat":"repeat","background-position":"center center","background-size":"auto","background-attachment":"scroll","background-type":"","background-media":"","overlay-type":"","overlay-color":"","overlay-opacity":"","overlay-gradient":""}},"_joinchat":[],"footnotes":""},"categories":[7],"tags":[],"class_list":["post-25204","post","type-post","status-publish","format-standard","has-post-thumbnail","hentry","category-blog"],"acf":[],"yoast_head":"<!-- This site is optimized with the Yoast SEO plugin v27.5 - https:\/\/yoast.com\/product\/yoast-seo-wordpress\/ -->\n<title>\u25b7 STAND DE DISE\u00d1O PARA FRUTMAC\u00a0EN FRUIT ATTRACTION (IFEMA) \u3010Avanza Events 2026 \u3011<\/title>\n<meta name=\"robots\" content=\"index, follow, max-snippet:-1, max-image-preview:large, max-video-preview:-1\" \/>\n<link rel=\"canonical\" href=\"https:\/\/avanzaevents.com\/es\/stand-de-diseno-para-frutmac-en-fruit-attraction-ifema\/\" \/>\n<meta property=\"og:locale\" content=\"es_ES\" \/>\n<meta property=\"og:type\" content=\"article\" \/>\n<meta property=\"og:title\" content=\"\u25b7 STAND DE DISE\u00d1O PARA FRUTMAC\u00a0EN FRUIT ATTRACTION (IFEMA) \u3010Avanza Events 2026 \u3011\" \/>\n<meta property=\"og:description\" content=\"Stand de dise\u00f1o para Frutmac en Fruit Attraction 2025, celebrado en IFEMA (Madrid). Un proyecto concebido para transmitir la innovaci\u00f3n [&hellip;]\" \/>\n<meta property=\"og:url\" content=\"https:\/\/avanzaevents.com\/es\/stand-de-diseno-para-frutmac-en-fruit-attraction-ifema\/\" \/>\n<meta property=\"og:site_name\" content=\"Avanza Group\" \/>\n<meta property=\"article:published_time\" content=\"2025-10-20T10:07:29+00:00\" \/>\n<meta property=\"article:modified_time\" content=\"2025-11-19T10:18:09+00:00\" \/>\n<meta property=\"og:image\" content=\"https:\/\/avanzaevents.com\/wp-content\/uploads\/2025\/10\/frutmac.jpg\" \/>\n\t<meta property=\"og:image:width\" content=\"608\" \/>\n\t<meta property=\"og:image:height\" content=\"1081\" \/>\n\t<meta property=\"og:image:type\" content=\"image\/jpeg\" \/>\n<meta name=\"author\" content=\"vicky\" \/>\n<meta name=\"twitter:card\" content=\"summary_large_image\" \/>\n<meta name=\"twitter:label1\" content=\"Escrito por\" \/>\n\t<meta name=\"twitter:data1\" content=\"vicky\" \/>\n\t<meta name=\"twitter:label2\" content=\"Tiempo de lectura\" \/>\n\t<meta name=\"twitter:data2\" content=\"1 minuto\" \/>\n<script type=\"application\/ld+json\" class=\"yoast-schema-graph\">{\"@context\":\"https:\\\/\\\/schema.org\",\"@graph\":[{\"@type\":\"Article\",\"@id\":\"https:\\\/\\\/avanzaevents.com\\\/es\\\/stand-de-diseno-para-frutmac-en-fruit-attraction-ifema\\\/#article\",\"isPartOf\":{\"@id\":\"https:\\\/\\\/avanzaevents.com\\\/es\\\/stand-de-diseno-para-frutmac-en-fruit-attraction-ifema\\\/\"},\"author\":{\"name\":\"vicky\",\"@id\":\"https:\\\/\\\/avanzaevents.com\\\/es\\\/#\\\/schema\\\/person\\\/ef5a150a12d1976dae694dfbd043577a\"},\"headline\":\"STAND DE DISE\u00d1O PARA FRUTMAC\u00a0EN FRUIT ATTRACTION (IFEMA)\",\"datePublished\":\"2025-10-20T10:07:29+00:00\",\"dateModified\":\"2025-11-19T10:18:09+00:00\",\"mainEntityOfPage\":{\"@id\":\"https:\\\/\\\/avanzaevents.com\\\/es\\\/stand-de-diseno-para-frutmac-en-fruit-attraction-ifema\\\/\"},\"wordCount\":126,\"commentCount\":0,\"publisher\":{\"@id\":\"https:\\\/\\\/avanzaevents.com\\\/es\\\/#organization\"},\"image\":{\"@id\":\"https:\\\/\\\/avanzaevents.com\\\/es\\\/stand-de-diseno-para-frutmac-en-fruit-attraction-ifema\\\/#primaryimage\"},\"thumbnailUrl\":\"https:\\\/\\\/avanzaevents.com\\\/wp-content\\\/uploads\\\/2025\\\/10\\\/frutmac.jpg\",\"articleSection\":[\"Blog\"],\"inLanguage\":\"es\",\"potentialAction\":[{\"@type\":\"CommentAction\",\"name\":\"Comment\",\"target\":[\"https:\\\/\\\/avanzaevents.com\\\/es\\\/stand-de-diseno-para-frutmac-en-fruit-attraction-ifema\\\/#respond\"]}]},{\"@type\":\"WebPage\",\"@id\":\"https:\\\/\\\/avanzaevents.com\\\/es\\\/stand-de-diseno-para-frutmac-en-fruit-attraction-ifema\\\/\",\"url\":\"https:\\\/\\\/avanzaevents.com\\\/es\\\/stand-de-diseno-para-frutmac-en-fruit-attraction-ifema\\\/\",\"name\":\"\u25b7 STAND DE DISE\u00d1O PARA FRUTMAC\u00a0EN FRUIT ATTRACTION (IFEMA) \u3010Avanza Events 2026 \u3011\",\"isPartOf\":{\"@id\":\"https:\\\/\\\/avanzaevents.com\\\/es\\\/#website\"},\"primaryImageOfPage\":{\"@id\":\"https:\\\/\\\/avanzaevents.com\\\/es\\\/stand-de-diseno-para-frutmac-en-fruit-attraction-ifema\\\/#primaryimage\"},\"image\":{\"@id\":\"https:\\\/\\\/avanzaevents.com\\\/es\\\/stand-de-diseno-para-frutmac-en-fruit-attraction-ifema\\\/#primaryimage\"},\"thumbnailUrl\":\"https:\\\/\\\/avanzaevents.com\\\/wp-content\\\/uploads\\\/2025\\\/10\\\/frutmac.jpg\",\"datePublished\":\"2025-10-20T10:07:29+00:00\",\"dateModified\":\"2025-11-19T10:18:09+00:00\",\"breadcrumb\":{\"@id\":\"https:\\\/\\\/avanzaevents.com\\\/es\\\/stand-de-diseno-para-frutmac-en-fruit-attraction-ifema\\\/#breadcrumb\"},\"inLanguage\":\"es\",\"potentialAction\":[{\"@type\":\"ReadAction\",\"target\":[\"https:\\\/\\\/avanzaevents.com\\\/es\\\/stand-de-diseno-para-frutmac-en-fruit-attraction-ifema\\\/\"]}]},{\"@type\":\"ImageObject\",\"inLanguage\":\"es\",\"@id\":\"https:\\\/\\\/avanzaevents.com\\\/es\\\/stand-de-diseno-para-frutmac-en-fruit-attraction-ifema\\\/#primaryimage\",\"url\":\"https:\\\/\\\/avanzaevents.com\\\/wp-content\\\/uploads\\\/2025\\\/10\\\/frutmac.jpg\",\"contentUrl\":\"https:\\\/\\\/avanzaevents.com\\\/wp-content\\\/uploads\\\/2025\\\/10\\\/frutmac.jpg\",\"width\":608,\"height\":1081},{\"@type\":\"BreadcrumbList\",\"@id\":\"https:\\\/\\\/avanzaevents.com\\\/es\\\/stand-de-diseno-para-frutmac-en-fruit-attraction-ifema\\\/#breadcrumb\",\"itemListElement\":[{\"@type\":\"ListItem\",\"position\":1,\"name\":\"Portada\",\"item\":\"https:\\\/\\\/avanzaevents.com\\\/es\\\/\"},{\"@type\":\"ListItem\",\"position\":2,\"name\":\"STAND DE DISE\u00d1O PARA FRUTMAC\u00a0EN FRUIT ATTRACTION (IFEMA)\"}]},{\"@type\":\"WebSite\",\"@id\":\"https:\\\/\\\/avanzaevents.com\\\/es\\\/#website\",\"url\":\"https:\\\/\\\/avanzaevents.com\\\/es\\\/\",\"name\":\"Avanza Group\",\"description\":\"Otro sitio realizado con WordPress\",\"publisher\":{\"@id\":\"https:\\\/\\\/avanzaevents.com\\\/es\\\/#organization\"},\"potentialAction\":[{\"@type\":\"SearchAction\",\"target\":{\"@type\":\"EntryPoint\",\"urlTemplate\":\"https:\\\/\\\/avanzaevents.com\\\/es\\\/?s={search_term_string}\"},\"query-input\":{\"@type\":\"PropertyValueSpecification\",\"valueRequired\":true,\"valueName\":\"search_term_string\"}}],\"inLanguage\":\"es\"},{\"@type\":\"Organization\",\"@id\":\"https:\\\/\\\/avanzaevents.com\\\/es\\\/#organization\",\"name\":\"Avanza group\",\"url\":\"https:\\\/\\\/avanzaevents.com\\\/es\\\/\",\"logo\":{\"@type\":\"ImageObject\",\"inLanguage\":\"es\",\"@id\":\"https:\\\/\\\/avanzaevents.com\\\/es\\\/#\\\/schema\\\/logo\\\/image\\\/\",\"url\":\"https:\\\/\\\/avanzaevents.com\\\/wp-content\\\/uploads\\\/2020\\\/02\\\/logo300px.png\",\"contentUrl\":\"https:\\\/\\\/avanzaevents.com\\\/wp-content\\\/uploads\\\/2020\\\/02\\\/logo300px.png\",\"width\":340,\"height\":125,\"caption\":\"Avanza group\"},\"image\":{\"@id\":\"https:\\\/\\\/avanzaevents.com\\\/es\\\/#\\\/schema\\\/logo\\\/image\\\/\"}},{\"@type\":\"Person\",\"@id\":\"https:\\\/\\\/avanzaevents.com\\\/es\\\/#\\\/schema\\\/person\\\/ef5a150a12d1976dae694dfbd043577a\",\"name\":\"vicky\",\"image\":{\"@type\":\"ImageObject\",\"inLanguage\":\"es\",\"@id\":\"https:\\\/\\\/secure.gravatar.com\\\/avatar\\\/d709368248c2960428f34a7adc442d40b7f8da20ba664aba803a029186f748d3?s=96&d=mm&r=g\",\"url\":\"https:\\\/\\\/secure.gravatar.com\\\/avatar\\\/d709368248c2960428f34a7adc442d40b7f8da20ba664aba803a029186f748d3?s=96&d=mm&r=g\",\"contentUrl\":\"https:\\\/\\\/secure.gravatar.com\\\/avatar\\\/d709368248c2960428f34a7adc442d40b7f8da20ba664aba803a029186f748d3?s=96&d=mm&r=g\",\"caption\":\"vicky\"},\"url\":\"https:\\\/\\\/avanzaevents.com\\\/es\\\/author\\\/vicky\\\/\"}]}<\/script>\n<!-- \/ Yoast SEO plugin. -->","yoast_head_json":{"title":"\u25b7 STAND DE DISE\u00d1O PARA FRUTMAC\u00a0EN FRUIT ATTRACTION (IFEMA) \u3010Avanza Events 2026 \u3011","robots":{"index":"index","follow":"follow","max-snippet":"max-snippet:-1","max-image-preview":"max-image-preview:large","max-video-preview":"max-video-preview:-1"},"canonical":"https:\/\/avanzaevents.com\/es\/stand-de-diseno-para-frutmac-en-fruit-attraction-ifema\/","og_locale":"es_ES","og_type":"article","og_title":"\u25b7 STAND DE DISE\u00d1O PARA FRUTMAC\u00a0EN FRUIT ATTRACTION (IFEMA) \u3010Avanza Events 2026 \u3011","og_description":"Stand de dise\u00f1o para Frutmac en Fruit Attraction 2025, celebrado en IFEMA (Madrid). Un proyecto concebido para transmitir la innovaci\u00f3n [&hellip;]","og_url":"https:\/\/avanzaevents.com\/es\/stand-de-diseno-para-frutmac-en-fruit-attraction-ifema\/","og_site_name":"Avanza Group","article_published_time":"2025-10-20T10:07:29+00:00","article_modified_time":"2025-11-19T10:18:09+00:00","og_image":[{"width":608,"height":1081,"url":"https:\/\/avanzaevents.com\/wp-content\/uploads\/2025\/10\/frutmac.jpg","type":"image\/jpeg"}],"author":"vicky","twitter_card":"summary_large_image","twitter_misc":{"Escrito por":"vicky","Tiempo de lectura":"1 minuto"},"schema":{"@context":"https:\/\/schema.org","@graph":[{"@type":"Article","@id":"https:\/\/avanzaevents.com\/es\/stand-de-diseno-para-frutmac-en-fruit-attraction-ifema\/#article","isPartOf":{"@id":"https:\/\/avanzaevents.com\/es\/stand-de-diseno-para-frutmac-en-fruit-attraction-ifema\/"},"author":{"name":"vicky","@id":"https:\/\/avanzaevents.com\/es\/#\/schema\/person\/ef5a150a12d1976dae694dfbd043577a"},"headline":"STAND DE DISE\u00d1O PARA FRUTMAC\u00a0EN FRUIT ATTRACTION (IFEMA)","datePublished":"2025-10-20T10:07:29+00:00","dateModified":"2025-11-19T10:18:09+00:00","mainEntityOfPage":{"@id":"https:\/\/avanzaevents.com\/es\/stand-de-diseno-para-frutmac-en-fruit-attraction-ifema\/"},"wordCount":126,"commentCount":0,"publisher":{"@id":"https:\/\/avanzaevents.com\/es\/#organization"},"image":{"@id":"https:\/\/avanzaevents.com\/es\/stand-de-diseno-para-frutmac-en-fruit-attraction-ifema\/#primaryimage"},"thumbnailUrl":"https:\/\/avanzaevents.com\/wp-content\/uploads\/2025\/10\/frutmac.jpg","articleSection":["Blog"],"inLanguage":"es","potentialAction":[{"@type":"CommentAction","name":"Comment","target":["https:\/\/avanzaevents.com\/es\/stand-de-diseno-para-frutmac-en-fruit-attraction-ifema\/#respond"]}]},{"@type":"WebPage","@id":"https:\/\/avanzaevents.com\/es\/stand-de-diseno-para-frutmac-en-fruit-attraction-ifema\/","url":"https:\/\/avanzaevents.com\/es\/stand-de-diseno-para-frutmac-en-fruit-attraction-ifema\/","name":"\u25b7 STAND DE DISE\u00d1O PARA FRUTMAC\u00a0EN FRUIT ATTRACTION (IFEMA) \u3010Avanza Events 2026 \u3011","isPartOf":{"@id":"https:\/\/avanzaevents.com\/es\/#website"},"primaryImageOfPage":{"@id":"https:\/\/avanzaevents.com\/es\/stand-de-diseno-para-frutmac-en-fruit-attraction-ifema\/#primaryimage"},"image":{"@id":"https:\/\/avanzaevents.com\/es\/stand-de-diseno-para-frutmac-en-fruit-attraction-ifema\/#primaryimage"},"thumbnailUrl":"https:\/\/avanzaevents.com\/wp-content\/uploads\/2025\/10\/frutmac.jpg","datePublished":"2025-10-20T10:07:29+00:00","dateModified":"2025-11-19T10:18:09+00:00","breadcrumb":{"@id":"https:\/\/avanzaevents.com\/es\/stand-de-diseno-para-frutmac-en-fruit-attraction-ifema\/#breadcrumb"},"inLanguage":"es","potentialAction":[{"@type":"ReadAction","target":["https:\/\/avanzaevents.com\/es\/stand-de-diseno-para-frutmac-en-fruit-attraction-ifema\/"]}]},{"@type":"ImageObject","inLanguage":"es","@id":"https:\/\/avanzaevents.com\/es\/stand-de-diseno-para-frutmac-en-fruit-attraction-ifema\/#primaryimage","url":"https:\/\/avanzaevents.com\/wp-content\/uploads\/2025\/10\/frutmac.jpg","contentUrl":"https:\/\/avanzaevents.com\/wp-content\/uploads\/2025\/10\/frutmac.jpg","width":608,"height":1081},{"@type":"BreadcrumbList","@id":"https:\/\/avanzaevents.com\/es\/stand-de-diseno-para-frutmac-en-fruit-attraction-ifema\/#breadcrumb","itemListElement":[{"@type":"ListItem","position":1,"name":"Portada","item":"https:\/\/avanzaevents.com\/es\/"},{"@type":"ListItem","position":2,"name":"STAND DE DISE\u00d1O PARA FRUTMAC\u00a0EN FRUIT ATTRACTION (IFEMA)"}]},{"@type":"WebSite","@id":"https:\/\/avanzaevents.com\/es\/#website","url":"https:\/\/avanzaevents.com\/es\/","name":"Avanza Group","description":"Otro sitio realizado con WordPress","publisher":{"@id":"https:\/\/avanzaevents.com\/es\/#organization"},"potentialAction":[{"@type":"SearchAction","target":{"@type":"EntryPoint","urlTemplate":"https:\/\/avanzaevents.com\/es\/?s={search_term_string}"},"query-input":{"@type":"PropertyValueSpecification","valueRequired":true,"valueName":"search_term_string"}}],"inLanguage":"es"},{"@type":"Organization","@id":"https:\/\/avanzaevents.com\/es\/#organization","name":"Avanza group","url":"https:\/\/avanzaevents.com\/es\/","logo":{"@type":"ImageObject","inLanguage":"es","@id":"https:\/\/avanzaevents.com\/es\/#\/schema\/logo\/image\/","url":"https:\/\/avanzaevents.com\/wp-content\/uploads\/2020\/02\/logo300px.png","contentUrl":"https:\/\/avanzaevents.com\/wp-content\/uploads\/2020\/02\/logo300px.png","width":340,"height":125,"caption":"Avanza group"},"image":{"@id":"https:\/\/avanzaevents.com\/es\/#\/schema\/logo\/image\/"}},{"@type":"Person","@id":"https:\/\/avanzaevents.com\/es\/#\/schema\/person\/ef5a150a12d1976dae694dfbd043577a","name":"vicky","image":{"@type":"ImageObject","inLanguage":"es","@id":"https:\/\/secure.gravatar.com\/avatar\/d709368248c2960428f34a7adc442d40b7f8da20ba664aba803a029186f748d3?s=96&d=mm&r=g","url":"https:\/\/secure.gravatar.com\/avatar\/d709368248c2960428f34a7adc442d40b7f8da20ba664aba803a029186f748d3?s=96&d=mm&r=g","contentUrl":"https:\/\/secure.gravatar.com\/avatar\/d709368248c2960428f34a7adc442d40b7f8da20ba664aba803a029186f748d3?s=96&d=mm&r=g","caption":"vicky"},"url":"https:\/\/avanzaevents.com\/es\/author\/vicky\/"}]}},"_links":{"self":[{"href":"https:\/\/avanzaevents.com\/es\/wp-json\/wp\/v2\/posts\/25204","targetHints":{"allow":["GET"]}}],"collection":[{"href":"https:\/\/avanzaevents.com\/es\/wp-json\/wp\/v2\/posts"}],"about":[{"href":"https:\/\/avanzaevents.com\/es\/wp-json\/wp\/v2\/types\/post"}],"author":[{"embeddable":true,"href":"https:\/\/avanzaevents.com\/es\/wp-json\/wp\/v2\/users\/8"}],"replies":[{"embeddable":true,"href":"https:\/\/avanzaevents.com\/es\/wp-json\/wp\/v2\/comments?post=25204"}],"version-history":[{"count":10,"href":"https:\/\/avanzaevents.com\/es\/wp-json\/wp\/v2\/posts\/25204\/revisions"}],"predecessor-version":[{"id":25746,"href":"https:\/\/avanzaevents.com\/es\/wp-json\/wp\/v2\/posts\/25204\/revisions\/25746"}],"wp:featuredmedia":[{"embeddable":true,"href":"https:\/\/avanzaevents.com\/es\/wp-json\/wp\/v2\/media\/25206"}],"wp:attachment":[{"href":"https:\/\/avanzaevents.com\/es\/wp-json\/wp\/v2\/media?parent=25204"}],"wp:term":[{"taxonomy":"category","embeddable":true,"href":"https:\/\/avanzaevents.com\/es\/wp-json\/wp\/v2\/categories?post=25204"},{"taxonomy":"post_tag","embeddable":true,"href":"https:\/\/avanzaevents.com\/es\/wp-json\/wp\/v2\/tags?post=25204"}],"curies":[{"name":"wp","href":"https:\/\/api.w.org\/{rel}","templated":true}]}}