{"id":26321,"date":"2026-02-20T06:43:27","date_gmt":"2026-02-20T05:43:27","guid":{"rendered":"https:\/\/avanzaevents.com\/?p=26321"},"modified":"2026-02-20T11:13:13","modified_gmt":"2026-02-20T10:13:13","slug":"exito-en-fitur-con-11-stands-estrategia-diseno-y-ejecucion-integral-en-stands-para-ferias-internacionales","status":"publish","type":"post","link":"https:\/\/avanzaevents.com\/es\/exito-en-fitur-con-11-stands-estrategia-diseno-y-ejecucion-integral-en-stands-para-ferias-internacionales\/","title":{"rendered":"\u00c9xito en FITUR con 11 stands: estrategia, dise\u00f1o y ejecuci\u00f3n integral en\u00a0stands para ferias internacionales\u00a0"},"content":{"rendered":"\t\t<div data-elementor-type=\"wp-post\" data-elementor-id=\"26321\" class=\"elementor elementor-26321 elementor-26317\" data-elementor-post-type=\"post\">\n\t\t\t\t<div class=\"elementor-element elementor-element-552f6d2 e-flex e-con-boxed e-con e-parent\" data-id=\"552f6d2\" data-element_type=\"container\" data-e-type=\"container\">\n\t\t\t\t\t<div class=\"e-con-inner\">\n\t\t\t\t<div class=\"elementor-element elementor-element-97b9f24 elementor-widget elementor-widget-text-editor\" data-id=\"97b9f24\" data-element_type=\"widget\" data-e-type=\"widget\" data-widget_type=\"text-editor.default\">\n\t\t\t\t<div class=\"elementor-widget-container\">\n\t\t\t\t\t\t\t\t\t<div dir=\"auto\"><p><span data-contrast=\"auto\">En la \u00faltima edici\u00f3n de FITUR, en AVANZA EVENTS hemos consolidado nuestra posici\u00f3n como empresa especializada en\u00a0<\/span><b><span data-contrast=\"auto\">dise\u00f1o de stands para ferias internacionales<\/span><\/b><span data-contrast=\"auto\">\u00a0con la ejecuci\u00f3n integral de 11 proyectos. Hemos desarrollado\u00a0<\/span><b><span data-contrast=\"auto\">stands a medida<\/span><\/b><span data-contrast=\"auto\">\u00a0para M\u00e9xico, Mauricio, Bolivia, Portugal y Honduras, as\u00ed como\u00a0<\/span><b><span data-contrast=\"auto\">stands corporativos personalizados<\/span><\/b><span data-contrast=\"auto\">\u00a0para Globales Hoteles,\u00a0Evenia\u00a0Hotels\u00a0y\u00a0Silicy\u00a0By\u00a0Car. Cada stand en FITUR ha sido orientado\u00a0a la generaci\u00f3n de negocio, la visibilidad de marca y el posicionamiento internacional, reforzando nuestro liderazgo en\u00a0dise\u00f1o y<\/span><b><span data-contrast=\"auto\">\u00a0montaje de stands profesionales<\/span><\/b><span data-contrast=\"auto\">.<\/span><span data-ccp-props=\"{&quot;134233117&quot;:false,&quot;134233118&quot;:false,&quot;335559738&quot;:240,&quot;335559739&quot;:240}\">\u00a0<\/span><\/p><p><span data-contrast=\"auto\">Desde el briefing inicial, abordamos cada proyecto\u00a0con una metodolog\u00eda estrat\u00e9gica que integra creatividad, t\u00e9cnica y planificaci\u00f3n operativa. Nuestros\u00a0<\/span><b><span data-contrast=\"auto\">stands\u00a0para ferias\u00a0personalizados<\/span><\/b><span data-contrast=\"auto\">\u00a0combinan carpinter\u00eda a medida, materiales premium, soluciones audiovisuales, iluminaci\u00f3n, garantizando impacto visual y coherencia corporativa. En un entorno altamente competitivo como FITUR, cada espacio ha sido dise\u00f1ado para destacar frente a la competencia y reforzar la identidad de destino o compa\u00f1\u00eda mediante un concepto s\u00f3lido y profesional.<\/span><span data-ccp-props=\"{&quot;134233117&quot;:false,&quot;134233118&quot;:false,&quot;335559738&quot;:240,&quot;335559739&quot;:240}\">\u00a0<\/span><\/p><p><span data-contrast=\"auto\">Con m\u00e1s de dos d\u00e9cadas de experiencia en el sector, ofrecemos un servicio integral que abarca dise\u00f1o, fabricaci\u00f3n de stands, gesti\u00f3n normativa y montaje de stands. Nuestra especializaci\u00f3n nos permite acompa\u00f1ar a nuestros clientes en todo el proceso, garantizando calidad, cumplimiento de plazos y excelencia en la ejecuci\u00f3n. El \u00e9xito alcanzado en FITUR reafirma nuestra capacidad para transformar cada stand\u00a0en una plataforma estrat\u00e9gica de negocio, consolidando a AVANZA EVENTS como\u00a0partner\u00a0de referencia en el sector\u00a0de ferias\u00a0internacionales.<\/span><span data-ccp-props=\"{&quot;134233117&quot;:false,&quot;134233118&quot;:false,&quot;335559738&quot;:240,&quot;335559739&quot;:240}\">\u00a0<\/span><\/p><\/div>\t\t\t\t\t\t\t\t<\/div>\n\t\t\t\t<\/div>\n\t\t\t\t\t<\/div>\n\t\t\t\t<\/div>\n\t\t\t\t<\/div>\n\t\t","protected":false},"excerpt":{"rendered":"<p>En la \u00faltima edici\u00f3n de FITUR, en AVANZA EVENTS hemos consolidado nuestra posici\u00f3n como empresa especializada en\u00a0dise\u00f1o de stands para [&hellip;]<\/p>\n","protected":false},"author":11,"featured_media":26319,"comment_status":"open","ping_status":"closed","sticky":false,"template":"","format":"standard","meta":{"_acf_changed":false,"site-sidebar-layout":"default","site-content-layout":"","ast-site-content-layout":"default","site-content-style":"default","site-sidebar-style":"default","ast-global-header-display":"","ast-banner-title-visibility":"","ast-main-header-display":"","ast-hfb-above-header-display":"","ast-hfb-below-header-display":"","ast-hfb-mobile-header-display":"","site-post-title":"","ast-breadcrumbs-content":"","ast-featured-img":"","footer-sml-layout":"","ast-disable-related-posts":"","theme-transparent-header-meta":"","adv-header-id-meta":"","stick-header-meta":"","header-above-stick-meta":"","header-main-stick-meta":"","header-below-stick-meta":"","astra-migrate-meta-layouts":"default","ast-page-background-enabled":"default","ast-page-background-meta":{"desktop":{"background-color":"var(--ast-global-color-5)","background-image":"","background-repeat":"repeat","background-position":"center center","background-size":"auto","background-attachment":"scroll","background-type":"","background-media":"","overlay-type":"","overlay-color":"","overlay-opacity":"","overlay-gradient":""},"tablet":{"background-color":"","background-image":"","background-repeat":"repeat","background-position":"center center","background-size":"auto","background-attachment":"scroll","background-type":"","background-media":"","overlay-type":"","overlay-color":"","overlay-opacity":"","overlay-gradient":""},"mobile":{"background-color":"","background-image":"","background-repeat":"repeat","background-position":"center center","background-size":"auto","background-attachment":"scroll","background-type":"","background-media":"","overlay-type":"","overlay-color":"","overlay-opacity":"","overlay-gradient":""}},"ast-content-background-meta":{"desktop":{"background-color":"var(--ast-global-color-4)","background-image":"","background-repeat":"repeat","background-position":"center center","background-size":"auto","background-attachment":"scroll","background-type":"","background-media":"","overlay-type":"","overlay-color":"","overlay-opacity":"","overlay-gradient":""},"tablet":{"background-color":"var(--ast-global-color-4)","background-image":"","background-repeat":"repeat","background-position":"center center","background-size":"auto","background-attachment":"scroll","background-type":"","background-media":"","overlay-type":"","overlay-color":"","overlay-opacity":"","overlay-gradient":""},"mobile":{"background-color":"var(--ast-global-color-4)","background-image":"","background-repeat":"repeat","background-position":"center center","background-size":"auto","background-attachment":"scroll","background-type":"","background-media":"","overlay-type":"","overlay-color":"","overlay-opacity":"","overlay-gradient":""}},"_joinchat":[],"footnotes":""},"categories":[7],"tags":[],"class_list":["post-26321","post","type-post","status-publish","format-standard","has-post-thumbnail","hentry","category-blog"],"acf":[],"yoast_head":"<!-- This site is optimized with the Yoast SEO plugin v27.5 - https:\/\/yoast.com\/product\/yoast-seo-wordpress\/ -->\n<title>\u25b7 \u00c9xito en FITUR con 11 stands: estrategia, dise\u00f1o y ejecuci\u00f3n integral en\u00a0stands para ferias internacionales\u00a0 \u3010Avanza Events 2026 \u3011<\/title>\n<meta name=\"robots\" content=\"index, follow, max-snippet:-1, max-image-preview:large, max-video-preview:-1\" \/>\n<link rel=\"canonical\" href=\"https:\/\/avanzaevents.com\/es\/exito-en-fitur-con-11-stands-estrategia-diseno-y-ejecucion-integral-en-stands-para-ferias-internacionales\/\" \/>\n<meta property=\"og:locale\" content=\"es_ES\" \/>\n<meta property=\"og:type\" content=\"article\" \/>\n<meta property=\"og:title\" content=\"\u25b7 \u00c9xito en FITUR con 11 stands: estrategia, dise\u00f1o y ejecuci\u00f3n integral en\u00a0stands para ferias internacionales\u00a0 \u3010Avanza Events 2026 \u3011\" \/>\n<meta property=\"og:description\" content=\"En la \u00faltima edici\u00f3n de FITUR, en AVANZA EVENTS hemos consolidado nuestra posici\u00f3n como empresa especializada en\u00a0dise\u00f1o de stands para [&hellip;]\" \/>\n<meta property=\"og:url\" content=\"https:\/\/avanzaevents.com\/es\/exito-en-fitur-con-11-stands-estrategia-diseno-y-ejecucion-integral-en-stands-para-ferias-internacionales\/\" \/>\n<meta property=\"og:site_name\" content=\"Avanza Group\" \/>\n<meta property=\"article:published_time\" content=\"2026-02-20T05:43:27+00:00\" \/>\n<meta property=\"article:modified_time\" content=\"2026-02-20T10:13:13+00:00\" \/>\n<meta property=\"og:image\" content=\"https:\/\/avanzaevents.com\/wp-content\/uploads\/2026\/02\/portada-blog-avanza.png\" \/>\n\t<meta property=\"og:image:width\" content=\"650\" \/>\n\t<meta property=\"og:image:height\" content=\"1000\" \/>\n\t<meta property=\"og:image:type\" content=\"image\/png\" \/>\n<meta name=\"author\" content=\"Trazada Desarrollo web\" \/>\n<meta name=\"twitter:card\" content=\"summary_large_image\" \/>\n<meta name=\"twitter:label1\" content=\"Escrito por\" \/>\n\t<meta name=\"twitter:data1\" content=\"Trazada Desarrollo web\" \/>\n\t<meta name=\"twitter:label2\" content=\"Tiempo de lectura\" \/>\n\t<meta name=\"twitter:data2\" content=\"1 minuto\" \/>\n<script type=\"application\/ld+json\" class=\"yoast-schema-graph\">{\"@context\":\"https:\\\/\\\/schema.org\",\"@graph\":[{\"@type\":\"Article\",\"@id\":\"https:\\\/\\\/avanzaevents.com\\\/es\\\/exito-en-fitur-con-11-stands-estrategia-diseno-y-ejecucion-integral-en-stands-para-ferias-internacionales\\\/#article\",\"isPartOf\":{\"@id\":\"https:\\\/\\\/avanzaevents.com\\\/es\\\/exito-en-fitur-con-11-stands-estrategia-diseno-y-ejecucion-integral-en-stands-para-ferias-internacionales\\\/\"},\"author\":{\"name\":\"Trazada Desarrollo web\",\"@id\":\"https:\\\/\\\/avanzaevents.com\\\/es\\\/#\\\/schema\\\/person\\\/ca422fcb83d7cf293b21036c273366b5\"},\"headline\":\"\u00c9xito en FITUR con 11 stands: estrategia, dise\u00f1o y ejecuci\u00f3n integral en\u00a0stands para ferias internacionales\u00a0\",\"datePublished\":\"2026-02-20T05:43:27+00:00\",\"dateModified\":\"2026-02-20T10:13:13+00:00\",\"mainEntityOfPage\":{\"@id\":\"https:\\\/\\\/avanzaevents.com\\\/es\\\/exito-en-fitur-con-11-stands-estrategia-diseno-y-ejecucion-integral-en-stands-para-ferias-internacionales\\\/\"},\"wordCount\":277,\"commentCount\":0,\"publisher\":{\"@id\":\"https:\\\/\\\/avanzaevents.com\\\/es\\\/#organization\"},\"image\":{\"@id\":\"https:\\\/\\\/avanzaevents.com\\\/es\\\/exito-en-fitur-con-11-stands-estrategia-diseno-y-ejecucion-integral-en-stands-para-ferias-internacionales\\\/#primaryimage\"},\"thumbnailUrl\":\"https:\\\/\\\/avanzaevents.com\\\/wp-content\\\/uploads\\\/2026\\\/02\\\/portada-blog-avanza.png\",\"articleSection\":[\"Blog\"],\"inLanguage\":\"es\",\"potentialAction\":[{\"@type\":\"CommentAction\",\"name\":\"Comment\",\"target\":[\"https:\\\/\\\/avanzaevents.com\\\/es\\\/exito-en-fitur-con-11-stands-estrategia-diseno-y-ejecucion-integral-en-stands-para-ferias-internacionales\\\/#respond\"]}]},{\"@type\":\"WebPage\",\"@id\":\"https:\\\/\\\/avanzaevents.com\\\/es\\\/exito-en-fitur-con-11-stands-estrategia-diseno-y-ejecucion-integral-en-stands-para-ferias-internacionales\\\/\",\"url\":\"https:\\\/\\\/avanzaevents.com\\\/es\\\/exito-en-fitur-con-11-stands-estrategia-diseno-y-ejecucion-integral-en-stands-para-ferias-internacionales\\\/\",\"name\":\"\u25b7 \u00c9xito en FITUR con 11 stands: estrategia, dise\u00f1o y ejecuci\u00f3n integral en\u00a0stands para ferias internacionales\u00a0 \u3010Avanza Events 2026 \u3011\",\"isPartOf\":{\"@id\":\"https:\\\/\\\/avanzaevents.com\\\/es\\\/#website\"},\"primaryImageOfPage\":{\"@id\":\"https:\\\/\\\/avanzaevents.com\\\/es\\\/exito-en-fitur-con-11-stands-estrategia-diseno-y-ejecucion-integral-en-stands-para-ferias-internacionales\\\/#primaryimage\"},\"image\":{\"@id\":\"https:\\\/\\\/avanzaevents.com\\\/es\\\/exito-en-fitur-con-11-stands-estrategia-diseno-y-ejecucion-integral-en-stands-para-ferias-internacionales\\\/#primaryimage\"},\"thumbnailUrl\":\"https:\\\/\\\/avanzaevents.com\\\/wp-content\\\/uploads\\\/2026\\\/02\\\/portada-blog-avanza.png\",\"datePublished\":\"2026-02-20T05:43:27+00:00\",\"dateModified\":\"2026-02-20T10:13:13+00:00\",\"breadcrumb\":{\"@id\":\"https:\\\/\\\/avanzaevents.com\\\/es\\\/exito-en-fitur-con-11-stands-estrategia-diseno-y-ejecucion-integral-en-stands-para-ferias-internacionales\\\/#breadcrumb\"},\"inLanguage\":\"es\",\"potentialAction\":[{\"@type\":\"ReadAction\",\"target\":[\"https:\\\/\\\/avanzaevents.com\\\/es\\\/exito-en-fitur-con-11-stands-estrategia-diseno-y-ejecucion-integral-en-stands-para-ferias-internacionales\\\/\"]}]},{\"@type\":\"ImageObject\",\"inLanguage\":\"es\",\"@id\":\"https:\\\/\\\/avanzaevents.com\\\/es\\\/exito-en-fitur-con-11-stands-estrategia-diseno-y-ejecucion-integral-en-stands-para-ferias-internacionales\\\/#primaryimage\",\"url\":\"https:\\\/\\\/avanzaevents.com\\\/wp-content\\\/uploads\\\/2026\\\/02\\\/portada-blog-avanza.png\",\"contentUrl\":\"https:\\\/\\\/avanzaevents.com\\\/wp-content\\\/uploads\\\/2026\\\/02\\\/portada-blog-avanza.png\",\"width\":650,\"height\":1000},{\"@type\":\"BreadcrumbList\",\"@id\":\"https:\\\/\\\/avanzaevents.com\\\/es\\\/exito-en-fitur-con-11-stands-estrategia-diseno-y-ejecucion-integral-en-stands-para-ferias-internacionales\\\/#breadcrumb\",\"itemListElement\":[{\"@type\":\"ListItem\",\"position\":1,\"name\":\"Portada\",\"item\":\"https:\\\/\\\/avanzaevents.com\\\/es\\\/\"},{\"@type\":\"ListItem\",\"position\":2,\"name\":\"\u00c9xito en FITUR con 11 stands: estrategia, dise\u00f1o y ejecuci\u00f3n integral en\u00a0stands para ferias internacionales\u00a0\"}]},{\"@type\":\"WebSite\",\"@id\":\"https:\\\/\\\/avanzaevents.com\\\/es\\\/#website\",\"url\":\"https:\\\/\\\/avanzaevents.com\\\/es\\\/\",\"name\":\"Avanza Group\",\"description\":\"Otro sitio realizado con WordPress\",\"publisher\":{\"@id\":\"https:\\\/\\\/avanzaevents.com\\\/es\\\/#organization\"},\"potentialAction\":[{\"@type\":\"SearchAction\",\"target\":{\"@type\":\"EntryPoint\",\"urlTemplate\":\"https:\\\/\\\/avanzaevents.com\\\/es\\\/?s={search_term_string}\"},\"query-input\":{\"@type\":\"PropertyValueSpecification\",\"valueRequired\":true,\"valueName\":\"search_term_string\"}}],\"inLanguage\":\"es\"},{\"@type\":\"Organization\",\"@id\":\"https:\\\/\\\/avanzaevents.com\\\/es\\\/#organization\",\"name\":\"Avanza group\",\"url\":\"https:\\\/\\\/avanzaevents.com\\\/es\\\/\",\"logo\":{\"@type\":\"ImageObject\",\"inLanguage\":\"es\",\"@id\":\"https:\\\/\\\/avanzaevents.com\\\/es\\\/#\\\/schema\\\/logo\\\/image\\\/\",\"url\":\"https:\\\/\\\/avanzaevents.com\\\/wp-content\\\/uploads\\\/2020\\\/02\\\/logo300px.png\",\"contentUrl\":\"https:\\\/\\\/avanzaevents.com\\\/wp-content\\\/uploads\\\/2020\\\/02\\\/logo300px.png\",\"width\":340,\"height\":125,\"caption\":\"Avanza group\"},\"image\":{\"@id\":\"https:\\\/\\\/avanzaevents.com\\\/es\\\/#\\\/schema\\\/logo\\\/image\\\/\"}},{\"@type\":\"Person\",\"@id\":\"https:\\\/\\\/avanzaevents.com\\\/es\\\/#\\\/schema\\\/person\\\/ca422fcb83d7cf293b21036c273366b5\",\"name\":\"Trazada Desarrollo web\",\"image\":{\"@type\":\"ImageObject\",\"inLanguage\":\"es\",\"@id\":\"https:\\\/\\\/secure.gravatar.com\\\/avatar\\\/d935574cdb9a07e324931665e188795d3fd82c2e32480fe40a908ad510b78011?s=96&d=mm&r=g\",\"url\":\"https:\\\/\\\/secure.gravatar.com\\\/avatar\\\/d935574cdb9a07e324931665e188795d3fd82c2e32480fe40a908ad510b78011?s=96&d=mm&r=g\",\"contentUrl\":\"https:\\\/\\\/secure.gravatar.com\\\/avatar\\\/d935574cdb9a07e324931665e188795d3fd82c2e32480fe40a908ad510b78011?s=96&d=mm&r=g\",\"caption\":\"Trazada Desarrollo web\"},\"url\":\"https:\\\/\\\/avanzaevents.com\\\/es\\\/author\\\/trazada_desarrollo\\\/\"}]}<\/script>\n<!-- \/ Yoast SEO plugin. -->","yoast_head_json":{"title":"\u25b7 \u00c9xito en FITUR con 11 stands: estrategia, dise\u00f1o y ejecuci\u00f3n integral en\u00a0stands para ferias internacionales\u00a0 \u3010Avanza Events 2026 \u3011","robots":{"index":"index","follow":"follow","max-snippet":"max-snippet:-1","max-image-preview":"max-image-preview:large","max-video-preview":"max-video-preview:-1"},"canonical":"https:\/\/avanzaevents.com\/es\/exito-en-fitur-con-11-stands-estrategia-diseno-y-ejecucion-integral-en-stands-para-ferias-internacionales\/","og_locale":"es_ES","og_type":"article","og_title":"\u25b7 \u00c9xito en FITUR con 11 stands: estrategia, dise\u00f1o y ejecuci\u00f3n integral en\u00a0stands para ferias internacionales\u00a0 \u3010Avanza Events 2026 \u3011","og_description":"En la \u00faltima edici\u00f3n de FITUR, en AVANZA EVENTS hemos consolidado nuestra posici\u00f3n como empresa especializada en\u00a0dise\u00f1o de stands para [&hellip;]","og_url":"https:\/\/avanzaevents.com\/es\/exito-en-fitur-con-11-stands-estrategia-diseno-y-ejecucion-integral-en-stands-para-ferias-internacionales\/","og_site_name":"Avanza Group","article_published_time":"2026-02-20T05:43:27+00:00","article_modified_time":"2026-02-20T10:13:13+00:00","og_image":[{"width":650,"height":1000,"url":"https:\/\/avanzaevents.com\/wp-content\/uploads\/2026\/02\/portada-blog-avanza.png","type":"image\/png"}],"author":"Trazada Desarrollo web","twitter_card":"summary_large_image","twitter_misc":{"Escrito por":"Trazada Desarrollo web","Tiempo de lectura":"1 minuto"},"schema":{"@context":"https:\/\/schema.org","@graph":[{"@type":"Article","@id":"https:\/\/avanzaevents.com\/es\/exito-en-fitur-con-11-stands-estrategia-diseno-y-ejecucion-integral-en-stands-para-ferias-internacionales\/#article","isPartOf":{"@id":"https:\/\/avanzaevents.com\/es\/exito-en-fitur-con-11-stands-estrategia-diseno-y-ejecucion-integral-en-stands-para-ferias-internacionales\/"},"author":{"name":"Trazada Desarrollo web","@id":"https:\/\/avanzaevents.com\/es\/#\/schema\/person\/ca422fcb83d7cf293b21036c273366b5"},"headline":"\u00c9xito en FITUR con 11 stands: estrategia, dise\u00f1o y ejecuci\u00f3n integral en\u00a0stands para ferias internacionales\u00a0","datePublished":"2026-02-20T05:43:27+00:00","dateModified":"2026-02-20T10:13:13+00:00","mainEntityOfPage":{"@id":"https:\/\/avanzaevents.com\/es\/exito-en-fitur-con-11-stands-estrategia-diseno-y-ejecucion-integral-en-stands-para-ferias-internacionales\/"},"wordCount":277,"commentCount":0,"publisher":{"@id":"https:\/\/avanzaevents.com\/es\/#organization"},"image":{"@id":"https:\/\/avanzaevents.com\/es\/exito-en-fitur-con-11-stands-estrategia-diseno-y-ejecucion-integral-en-stands-para-ferias-internacionales\/#primaryimage"},"thumbnailUrl":"https:\/\/avanzaevents.com\/wp-content\/uploads\/2026\/02\/portada-blog-avanza.png","articleSection":["Blog"],"inLanguage":"es","potentialAction":[{"@type":"CommentAction","name":"Comment","target":["https:\/\/avanzaevents.com\/es\/exito-en-fitur-con-11-stands-estrategia-diseno-y-ejecucion-integral-en-stands-para-ferias-internacionales\/#respond"]}]},{"@type":"WebPage","@id":"https:\/\/avanzaevents.com\/es\/exito-en-fitur-con-11-stands-estrategia-diseno-y-ejecucion-integral-en-stands-para-ferias-internacionales\/","url":"https:\/\/avanzaevents.com\/es\/exito-en-fitur-con-11-stands-estrategia-diseno-y-ejecucion-integral-en-stands-para-ferias-internacionales\/","name":"\u25b7 \u00c9xito en FITUR con 11 stands: estrategia, dise\u00f1o y ejecuci\u00f3n integral en\u00a0stands para ferias internacionales\u00a0 \u3010Avanza Events 2026 \u3011","isPartOf":{"@id":"https:\/\/avanzaevents.com\/es\/#website"},"primaryImageOfPage":{"@id":"https:\/\/avanzaevents.com\/es\/exito-en-fitur-con-11-stands-estrategia-diseno-y-ejecucion-integral-en-stands-para-ferias-internacionales\/#primaryimage"},"image":{"@id":"https:\/\/avanzaevents.com\/es\/exito-en-fitur-con-11-stands-estrategia-diseno-y-ejecucion-integral-en-stands-para-ferias-internacionales\/#primaryimage"},"thumbnailUrl":"https:\/\/avanzaevents.com\/wp-content\/uploads\/2026\/02\/portada-blog-avanza.png","datePublished":"2026-02-20T05:43:27+00:00","dateModified":"2026-02-20T10:13:13+00:00","breadcrumb":{"@id":"https:\/\/avanzaevents.com\/es\/exito-en-fitur-con-11-stands-estrategia-diseno-y-ejecucion-integral-en-stands-para-ferias-internacionales\/#breadcrumb"},"inLanguage":"es","potentialAction":[{"@type":"ReadAction","target":["https:\/\/avanzaevents.com\/es\/exito-en-fitur-con-11-stands-estrategia-diseno-y-ejecucion-integral-en-stands-para-ferias-internacionales\/"]}]},{"@type":"ImageObject","inLanguage":"es","@id":"https:\/\/avanzaevents.com\/es\/exito-en-fitur-con-11-stands-estrategia-diseno-y-ejecucion-integral-en-stands-para-ferias-internacionales\/#primaryimage","url":"https:\/\/avanzaevents.com\/wp-content\/uploads\/2026\/02\/portada-blog-avanza.png","contentUrl":"https:\/\/avanzaevents.com\/wp-content\/uploads\/2026\/02\/portada-blog-avanza.png","width":650,"height":1000},{"@type":"BreadcrumbList","@id":"https:\/\/avanzaevents.com\/es\/exito-en-fitur-con-11-stands-estrategia-diseno-y-ejecucion-integral-en-stands-para-ferias-internacionales\/#breadcrumb","itemListElement":[{"@type":"ListItem","position":1,"name":"Portada","item":"https:\/\/avanzaevents.com\/es\/"},{"@type":"ListItem","position":2,"name":"\u00c9xito en FITUR con 11 stands: estrategia, dise\u00f1o y ejecuci\u00f3n integral en\u00a0stands para ferias internacionales\u00a0"}]},{"@type":"WebSite","@id":"https:\/\/avanzaevents.com\/es\/#website","url":"https:\/\/avanzaevents.com\/es\/","name":"Avanza Group","description":"Otro sitio realizado con WordPress","publisher":{"@id":"https:\/\/avanzaevents.com\/es\/#organization"},"potentialAction":[{"@type":"SearchAction","target":{"@type":"EntryPoint","urlTemplate":"https:\/\/avanzaevents.com\/es\/?s={search_term_string}"},"query-input":{"@type":"PropertyValueSpecification","valueRequired":true,"valueName":"search_term_string"}}],"inLanguage":"es"},{"@type":"Organization","@id":"https:\/\/avanzaevents.com\/es\/#organization","name":"Avanza group","url":"https:\/\/avanzaevents.com\/es\/","logo":{"@type":"ImageObject","inLanguage":"es","@id":"https:\/\/avanzaevents.com\/es\/#\/schema\/logo\/image\/","url":"https:\/\/avanzaevents.com\/wp-content\/uploads\/2020\/02\/logo300px.png","contentUrl":"https:\/\/avanzaevents.com\/wp-content\/uploads\/2020\/02\/logo300px.png","width":340,"height":125,"caption":"Avanza group"},"image":{"@id":"https:\/\/avanzaevents.com\/es\/#\/schema\/logo\/image\/"}},{"@type":"Person","@id":"https:\/\/avanzaevents.com\/es\/#\/schema\/person\/ca422fcb83d7cf293b21036c273366b5","name":"Trazada Desarrollo web","image":{"@type":"ImageObject","inLanguage":"es","@id":"https:\/\/secure.gravatar.com\/avatar\/d935574cdb9a07e324931665e188795d3fd82c2e32480fe40a908ad510b78011?s=96&d=mm&r=g","url":"https:\/\/secure.gravatar.com\/avatar\/d935574cdb9a07e324931665e188795d3fd82c2e32480fe40a908ad510b78011?s=96&d=mm&r=g","contentUrl":"https:\/\/secure.gravatar.com\/avatar\/d935574cdb9a07e324931665e188795d3fd82c2e32480fe40a908ad510b78011?s=96&d=mm&r=g","caption":"Trazada Desarrollo web"},"url":"https:\/\/avanzaevents.com\/es\/author\/trazada_desarrollo\/"}]}},"_links":{"self":[{"href":"https:\/\/avanzaevents.com\/es\/wp-json\/wp\/v2\/posts\/26321","targetHints":{"allow":["GET"]}}],"collection":[{"href":"https:\/\/avanzaevents.com\/es\/wp-json\/wp\/v2\/posts"}],"about":[{"href":"https:\/\/avanzaevents.com\/es\/wp-json\/wp\/v2\/types\/post"}],"author":[{"embeddable":true,"href":"https:\/\/avanzaevents.com\/es\/wp-json\/wp\/v2\/users\/11"}],"replies":[{"embeddable":true,"href":"https:\/\/avanzaevents.com\/es\/wp-json\/wp\/v2\/comments?post=26321"}],"version-history":[{"count":4,"href":"https:\/\/avanzaevents.com\/es\/wp-json\/wp\/v2\/posts\/26321\/revisions"}],"predecessor-version":[{"id":26325,"href":"https:\/\/avanzaevents.com\/es\/wp-json\/wp\/v2\/posts\/26321\/revisions\/26325"}],"wp:featuredmedia":[{"embeddable":true,"href":"https:\/\/avanzaevents.com\/es\/wp-json\/wp\/v2\/media\/26319"}],"wp:attachment":[{"href":"https:\/\/avanzaevents.com\/es\/wp-json\/wp\/v2\/media?parent=26321"}],"wp:term":[{"taxonomy":"category","embeddable":true,"href":"https:\/\/avanzaevents.com\/es\/wp-json\/wp\/v2\/categories?post=26321"},{"taxonomy":"post_tag","embeddable":true,"href":"https:\/\/avanzaevents.com\/es\/wp-json\/wp\/v2\/tags?post=26321"}],"curies":[{"name":"wp","href":"https:\/\/api.w.org\/{rel}","templated":true}]}}