{"id":581,"date":"2014-06-20T07:54:59","date_gmt":"2014-06-20T07:54:59","guid":{"rendered":"https:\/\/avanzaevents.com\/?p=581"},"modified":"2025-07-08T14:24:08","modified_gmt":"2025-07-08T12:24:08","slug":"stand-en-verona-italia-progetto-fuoco","status":"publish","type":"post","link":"https:\/\/avanzaevents.com\/es\/stand-en-verona-italia-progetto-fuoco\/","title":{"rendered":"Stand en Verona, Italia &#8211; PROGETTO FUOCO"},"content":{"rendered":"<p><!--:en--><\/p>\n<p><!--:--><!--:es-->Se celebr\u00f3 en Verona , Italia PROGETTO FUOCO , donde Nuevamente Brompi asisti\u00f3 con un Stand abierto, que le realizamos, con gran cantidad de productos y donde la zona social ten\u00eda una gran importancia. Se presenta con una propuesta donde el visitante en una sola mirada pod\u00eda ver toda la oferta que se presenta .<\/p>\n<p>La firma Cordobesa ha vuelto a demostrar su potencial como empresa en Progetto Fuoco.<!--:--><\/p>\n","protected":false},"excerpt":{"rendered":"<p>Se celebr\u00f3 en Verona , Italia PROGETTO FUOCO , donde Nuevamente Brompi asisti\u00f3 con un Stand abierto, que le realizamos, [&hellip;]<\/p>\n","protected":false},"author":11,"featured_media":1735,"comment_status":"open","ping_status":"open","sticky":false,"template":"","format":"standard","meta":{"_acf_changed":false,"site-sidebar-layout":"default","site-content-layout":"","ast-site-content-layout":"default","site-content-style":"default","site-sidebar-style":"default","ast-global-header-display":"","ast-banner-title-visibility":"","ast-main-header-display":"","ast-hfb-above-header-display":"","ast-hfb-below-header-display":"","ast-hfb-mobile-header-display":"","site-post-title":"","ast-breadcrumbs-content":"","ast-featured-img":"","footer-sml-layout":"","ast-disable-related-posts":"","theme-transparent-header-meta":"","adv-header-id-meta":"","stick-header-meta":"","header-above-stick-meta":"","header-main-stick-meta":"","header-below-stick-meta":"","astra-migrate-meta-layouts":"default","ast-page-background-enabled":"default","ast-page-background-meta":{"desktop":{"background-color":"var(--ast-global-color-5)","background-image":"","background-repeat":"repeat","background-position":"center center","background-size":"auto","background-attachment":"scroll","background-type":"","background-media":"","overlay-type":"","overlay-color":"","overlay-opacity":"","overlay-gradient":""},"tablet":{"background-color":"","background-image":"","background-repeat":"repeat","background-position":"center center","background-size":"auto","background-attachment":"scroll","background-type":"","background-media":"","overlay-type":"","overlay-color":"","overlay-opacity":"","overlay-gradient":""},"mobile":{"background-color":"","background-image":"","background-repeat":"repeat","background-position":"center center","background-size":"auto","background-attachment":"scroll","background-type":"","background-media":"","overlay-type":"","overlay-color":"","overlay-opacity":"","overlay-gradient":""}},"ast-content-background-meta":{"desktop":{"background-color":"var(--ast-global-color-4)","background-image":"","background-repeat":"repeat","background-position":"center center","background-size":"auto","background-attachment":"scroll","background-type":"","background-media":"","overlay-type":"","overlay-color":"","overlay-opacity":"","overlay-gradient":""},"tablet":{"background-color":"var(--ast-global-color-4)","background-image":"","background-repeat":"repeat","background-position":"center center","background-size":"auto","background-attachment":"scroll","background-type":"","background-media":"","overlay-type":"","overlay-color":"","overlay-opacity":"","overlay-gradient":""},"mobile":{"background-color":"var(--ast-global-color-4)","background-image":"","background-repeat":"repeat","background-position":"center center","background-size":"auto","background-attachment":"scroll","background-type":"","background-media":"","overlay-type":"","overlay-color":"","overlay-opacity":"","overlay-gradient":""}},"_joinchat":[],"footnotes":""},"categories":[6],"tags":[],"class_list":["post-581","post","type-post","status-publish","format-standard","has-post-thumbnail","hentry","category-noticias"],"acf":[],"yoast_head":"<!-- This site is optimized with the Yoast SEO plugin v27.4 - https:\/\/yoast.com\/product\/yoast-seo-wordpress\/ -->\n<title>Progetto Fuoco Stand in Verona Italy | Avanza Events 2026<\/title>\n<meta name=\"robots\" content=\"index, follow, max-snippet:-1, max-image-preview:large, max-video-preview:-1\" \/>\n<link rel=\"canonical\" href=\"https:\/\/avanzaevents.com\/es\/stand-en-verona-italia-progetto-fuoco\/\" \/>\n<meta property=\"og:locale\" content=\"es_ES\" \/>\n<meta property=\"og:type\" content=\"article\" \/>\n<meta property=\"og:title\" content=\"Progetto Fuoco Stand in Verona Italy | Avanza Events 2026\" \/>\n<meta property=\"og:description\" content=\"Se celebr\u00f3 en Verona , Italia PROGETTO FUOCO , donde Nuevamente Brompi asisti\u00f3 con un Stand abierto, que le realizamos, [&hellip;]\" \/>\n<meta property=\"og:url\" content=\"https:\/\/avanzaevents.com\/es\/stand-en-verona-italia-progetto-fuoco\/\" \/>\n<meta property=\"og:site_name\" content=\"Avanza Group\" \/>\n<meta property=\"article:published_time\" content=\"2014-06-20T07:54:59+00:00\" \/>\n<meta property=\"article:modified_time\" content=\"2025-07-08T12:24:08+00:00\" \/>\n<meta property=\"og:image\" content=\"https:\/\/avanzaevents.com\/wp-content\/uploads\/2014\/06\/1403250739DSC_3225.jpg\" \/>\n\t<meta property=\"og:image:width\" content=\"1024\" \/>\n\t<meta property=\"og:image:height\" content=\"684\" \/>\n\t<meta property=\"og:image:type\" content=\"image\/jpeg\" \/>\n<meta name=\"author\" content=\"Trazada Desarrollo web\" \/>\n<meta name=\"twitter:card\" content=\"summary_large_image\" \/>\n<meta name=\"twitter:label1\" content=\"Escrito por\" \/>\n\t<meta name=\"twitter:data1\" content=\"Trazada Desarrollo web\" \/>\n<script type=\"application\/ld+json\" class=\"yoast-schema-graph\">{\"@context\":\"https:\\\/\\\/schema.org\",\"@graph\":[{\"@type\":\"Article\",\"@id\":\"https:\\\/\\\/avanzaevents.com\\\/es\\\/stand-en-verona-italia-progetto-fuoco\\\/#article\",\"isPartOf\":{\"@id\":\"https:\\\/\\\/avanzaevents.com\\\/es\\\/stand-en-verona-italia-progetto-fuoco\\\/\"},\"author\":{\"name\":\"Trazada Desarrollo web\",\"@id\":\"https:\\\/\\\/avanzaevents.com\\\/es\\\/#\\\/schema\\\/person\\\/ca422fcb83d7cf293b21036c273366b5\"},\"headline\":\"Stand en Verona, Italia &#8211; PROGETTO FUOCO\",\"datePublished\":\"2014-06-20T07:54:59+00:00\",\"dateModified\":\"2025-07-08T12:24:08+00:00\",\"mainEntityOfPage\":{\"@id\":\"https:\\\/\\\/avanzaevents.com\\\/es\\\/stand-en-verona-italia-progetto-fuoco\\\/\"},\"wordCount\":75,\"commentCount\":0,\"publisher\":{\"@id\":\"https:\\\/\\\/avanzaevents.com\\\/es\\\/#organization\"},\"image\":{\"@id\":\"https:\\\/\\\/avanzaevents.com\\\/es\\\/stand-en-verona-italia-progetto-fuoco\\\/#primaryimage\"},\"thumbnailUrl\":\"https:\\\/\\\/avanzaevents.com\\\/wp-content\\\/uploads\\\/2014\\\/06\\\/1403250739DSC_3225.jpg\",\"articleSection\":[\"Internacional\"],\"inLanguage\":\"es\",\"potentialAction\":[{\"@type\":\"CommentAction\",\"name\":\"Comment\",\"target\":[\"https:\\\/\\\/avanzaevents.com\\\/es\\\/stand-en-verona-italia-progetto-fuoco\\\/#respond\"]}]},{\"@type\":\"WebPage\",\"@id\":\"https:\\\/\\\/avanzaevents.com\\\/es\\\/stand-en-verona-italia-progetto-fuoco\\\/\",\"url\":\"https:\\\/\\\/avanzaevents.com\\\/es\\\/stand-en-verona-italia-progetto-fuoco\\\/\",\"name\":\"Progetto Fuoco Stand in Verona Italy | Avanza Events 2026\",\"isPartOf\":{\"@id\":\"https:\\\/\\\/avanzaevents.com\\\/es\\\/#website\"},\"primaryImageOfPage\":{\"@id\":\"https:\\\/\\\/avanzaevents.com\\\/es\\\/stand-en-verona-italia-progetto-fuoco\\\/#primaryimage\"},\"image\":{\"@id\":\"https:\\\/\\\/avanzaevents.com\\\/es\\\/stand-en-verona-italia-progetto-fuoco\\\/#primaryimage\"},\"thumbnailUrl\":\"https:\\\/\\\/avanzaevents.com\\\/wp-content\\\/uploads\\\/2014\\\/06\\\/1403250739DSC_3225.jpg\",\"datePublished\":\"2014-06-20T07:54:59+00:00\",\"dateModified\":\"2025-07-08T12:24:08+00:00\",\"breadcrumb\":{\"@id\":\"https:\\\/\\\/avanzaevents.com\\\/es\\\/stand-en-verona-italia-progetto-fuoco\\\/#breadcrumb\"},\"inLanguage\":\"es\",\"potentialAction\":[{\"@type\":\"ReadAction\",\"target\":[\"https:\\\/\\\/avanzaevents.com\\\/es\\\/stand-en-verona-italia-progetto-fuoco\\\/\"]}]},{\"@type\":\"ImageObject\",\"inLanguage\":\"es\",\"@id\":\"https:\\\/\\\/avanzaevents.com\\\/es\\\/stand-en-verona-italia-progetto-fuoco\\\/#primaryimage\",\"url\":\"https:\\\/\\\/avanzaevents.com\\\/wp-content\\\/uploads\\\/2014\\\/06\\\/1403250739DSC_3225.jpg\",\"contentUrl\":\"https:\\\/\\\/avanzaevents.com\\\/wp-content\\\/uploads\\\/2014\\\/06\\\/1403250739DSC_3225.jpg\",\"width\":1024,\"height\":684,\"caption\":\"??????????????????????????????\"},{\"@type\":\"BreadcrumbList\",\"@id\":\"https:\\\/\\\/avanzaevents.com\\\/es\\\/stand-en-verona-italia-progetto-fuoco\\\/#breadcrumb\",\"itemListElement\":[{\"@type\":\"ListItem\",\"position\":1,\"name\":\"Portada\",\"item\":\"https:\\\/\\\/avanzaevents.com\\\/es\\\/\"},{\"@type\":\"ListItem\",\"position\":2,\"name\":\"Stand en Verona, Italia &#8211; PROGETTO FUOCO\"}]},{\"@type\":\"WebSite\",\"@id\":\"https:\\\/\\\/avanzaevents.com\\\/es\\\/#website\",\"url\":\"https:\\\/\\\/avanzaevents.com\\\/es\\\/\",\"name\":\"Avanza Group\",\"description\":\"Otro sitio realizado con WordPress\",\"publisher\":{\"@id\":\"https:\\\/\\\/avanzaevents.com\\\/es\\\/#organization\"},\"potentialAction\":[{\"@type\":\"SearchAction\",\"target\":{\"@type\":\"EntryPoint\",\"urlTemplate\":\"https:\\\/\\\/avanzaevents.com\\\/es\\\/?s={search_term_string}\"},\"query-input\":{\"@type\":\"PropertyValueSpecification\",\"valueRequired\":true,\"valueName\":\"search_term_string\"}}],\"inLanguage\":\"es\"},{\"@type\":\"Organization\",\"@id\":\"https:\\\/\\\/avanzaevents.com\\\/es\\\/#organization\",\"name\":\"Avanza group\",\"url\":\"https:\\\/\\\/avanzaevents.com\\\/es\\\/\",\"logo\":{\"@type\":\"ImageObject\",\"inLanguage\":\"es\",\"@id\":\"https:\\\/\\\/avanzaevents.com\\\/es\\\/#\\\/schema\\\/logo\\\/image\\\/\",\"url\":\"https:\\\/\\\/avanzaevents.com\\\/wp-content\\\/uploads\\\/2020\\\/02\\\/logo300px.png\",\"contentUrl\":\"https:\\\/\\\/avanzaevents.com\\\/wp-content\\\/uploads\\\/2020\\\/02\\\/logo300px.png\",\"width\":340,\"height\":125,\"caption\":\"Avanza group\"},\"image\":{\"@id\":\"https:\\\/\\\/avanzaevents.com\\\/es\\\/#\\\/schema\\\/logo\\\/image\\\/\"}},{\"@type\":\"Person\",\"@id\":\"https:\\\/\\\/avanzaevents.com\\\/es\\\/#\\\/schema\\\/person\\\/ca422fcb83d7cf293b21036c273366b5\",\"name\":\"Trazada Desarrollo web\",\"image\":{\"@type\":\"ImageObject\",\"inLanguage\":\"es\",\"@id\":\"https:\\\/\\\/secure.gravatar.com\\\/avatar\\\/d935574cdb9a07e324931665e188795d3fd82c2e32480fe40a908ad510b78011?s=96&d=mm&r=g\",\"url\":\"https:\\\/\\\/secure.gravatar.com\\\/avatar\\\/d935574cdb9a07e324931665e188795d3fd82c2e32480fe40a908ad510b78011?s=96&d=mm&r=g\",\"contentUrl\":\"https:\\\/\\\/secure.gravatar.com\\\/avatar\\\/d935574cdb9a07e324931665e188795d3fd82c2e32480fe40a908ad510b78011?s=96&d=mm&r=g\",\"caption\":\"Trazada Desarrollo web\"},\"url\":\"https:\\\/\\\/avanzaevents.com\\\/es\\\/author\\\/trazada_desarrollo\\\/\"}]}<\/script>\n<!-- \/ Yoast SEO plugin. -->","yoast_head_json":{"title":"Progetto Fuoco Stand in Verona Italy | Avanza Events 2026","robots":{"index":"index","follow":"follow","max-snippet":"max-snippet:-1","max-image-preview":"max-image-preview:large","max-video-preview":"max-video-preview:-1"},"canonical":"https:\/\/avanzaevents.com\/es\/stand-en-verona-italia-progetto-fuoco\/","og_locale":"es_ES","og_type":"article","og_title":"Progetto Fuoco Stand in Verona Italy | Avanza Events 2026","og_description":"Se celebr\u00f3 en Verona , Italia PROGETTO FUOCO , donde Nuevamente Brompi asisti\u00f3 con un Stand abierto, que le realizamos, [&hellip;]","og_url":"https:\/\/avanzaevents.com\/es\/stand-en-verona-italia-progetto-fuoco\/","og_site_name":"Avanza Group","article_published_time":"2014-06-20T07:54:59+00:00","article_modified_time":"2025-07-08T12:24:08+00:00","og_image":[{"width":1024,"height":684,"url":"https:\/\/avanzaevents.com\/wp-content\/uploads\/2014\/06\/1403250739DSC_3225.jpg","type":"image\/jpeg"}],"author":"Trazada Desarrollo web","twitter_card":"summary_large_image","twitter_misc":{"Escrito por":"Trazada Desarrollo web"},"schema":{"@context":"https:\/\/schema.org","@graph":[{"@type":"Article","@id":"https:\/\/avanzaevents.com\/es\/stand-en-verona-italia-progetto-fuoco\/#article","isPartOf":{"@id":"https:\/\/avanzaevents.com\/es\/stand-en-verona-italia-progetto-fuoco\/"},"author":{"name":"Trazada Desarrollo web","@id":"https:\/\/avanzaevents.com\/es\/#\/schema\/person\/ca422fcb83d7cf293b21036c273366b5"},"headline":"Stand en Verona, Italia &#8211; PROGETTO FUOCO","datePublished":"2014-06-20T07:54:59+00:00","dateModified":"2025-07-08T12:24:08+00:00","mainEntityOfPage":{"@id":"https:\/\/avanzaevents.com\/es\/stand-en-verona-italia-progetto-fuoco\/"},"wordCount":75,"commentCount":0,"publisher":{"@id":"https:\/\/avanzaevents.com\/es\/#organization"},"image":{"@id":"https:\/\/avanzaevents.com\/es\/stand-en-verona-italia-progetto-fuoco\/#primaryimage"},"thumbnailUrl":"https:\/\/avanzaevents.com\/wp-content\/uploads\/2014\/06\/1403250739DSC_3225.jpg","articleSection":["Internacional"],"inLanguage":"es","potentialAction":[{"@type":"CommentAction","name":"Comment","target":["https:\/\/avanzaevents.com\/es\/stand-en-verona-italia-progetto-fuoco\/#respond"]}]},{"@type":"WebPage","@id":"https:\/\/avanzaevents.com\/es\/stand-en-verona-italia-progetto-fuoco\/","url":"https:\/\/avanzaevents.com\/es\/stand-en-verona-italia-progetto-fuoco\/","name":"Progetto Fuoco Stand in Verona Italy | Avanza Events 2026","isPartOf":{"@id":"https:\/\/avanzaevents.com\/es\/#website"},"primaryImageOfPage":{"@id":"https:\/\/avanzaevents.com\/es\/stand-en-verona-italia-progetto-fuoco\/#primaryimage"},"image":{"@id":"https:\/\/avanzaevents.com\/es\/stand-en-verona-italia-progetto-fuoco\/#primaryimage"},"thumbnailUrl":"https:\/\/avanzaevents.com\/wp-content\/uploads\/2014\/06\/1403250739DSC_3225.jpg","datePublished":"2014-06-20T07:54:59+00:00","dateModified":"2025-07-08T12:24:08+00:00","breadcrumb":{"@id":"https:\/\/avanzaevents.com\/es\/stand-en-verona-italia-progetto-fuoco\/#breadcrumb"},"inLanguage":"es","potentialAction":[{"@type":"ReadAction","target":["https:\/\/avanzaevents.com\/es\/stand-en-verona-italia-progetto-fuoco\/"]}]},{"@type":"ImageObject","inLanguage":"es","@id":"https:\/\/avanzaevents.com\/es\/stand-en-verona-italia-progetto-fuoco\/#primaryimage","url":"https:\/\/avanzaevents.com\/wp-content\/uploads\/2014\/06\/1403250739DSC_3225.jpg","contentUrl":"https:\/\/avanzaevents.com\/wp-content\/uploads\/2014\/06\/1403250739DSC_3225.jpg","width":1024,"height":684,"caption":"??????????????????????????????"},{"@type":"BreadcrumbList","@id":"https:\/\/avanzaevents.com\/es\/stand-en-verona-italia-progetto-fuoco\/#breadcrumb","itemListElement":[{"@type":"ListItem","position":1,"name":"Portada","item":"https:\/\/avanzaevents.com\/es\/"},{"@type":"ListItem","position":2,"name":"Stand en Verona, Italia &#8211; PROGETTO FUOCO"}]},{"@type":"WebSite","@id":"https:\/\/avanzaevents.com\/es\/#website","url":"https:\/\/avanzaevents.com\/es\/","name":"Avanza Group","description":"Otro sitio realizado con WordPress","publisher":{"@id":"https:\/\/avanzaevents.com\/es\/#organization"},"potentialAction":[{"@type":"SearchAction","target":{"@type":"EntryPoint","urlTemplate":"https:\/\/avanzaevents.com\/es\/?s={search_term_string}"},"query-input":{"@type":"PropertyValueSpecification","valueRequired":true,"valueName":"search_term_string"}}],"inLanguage":"es"},{"@type":"Organization","@id":"https:\/\/avanzaevents.com\/es\/#organization","name":"Avanza group","url":"https:\/\/avanzaevents.com\/es\/","logo":{"@type":"ImageObject","inLanguage":"es","@id":"https:\/\/avanzaevents.com\/es\/#\/schema\/logo\/image\/","url":"https:\/\/avanzaevents.com\/wp-content\/uploads\/2020\/02\/logo300px.png","contentUrl":"https:\/\/avanzaevents.com\/wp-content\/uploads\/2020\/02\/logo300px.png","width":340,"height":125,"caption":"Avanza group"},"image":{"@id":"https:\/\/avanzaevents.com\/es\/#\/schema\/logo\/image\/"}},{"@type":"Person","@id":"https:\/\/avanzaevents.com\/es\/#\/schema\/person\/ca422fcb83d7cf293b21036c273366b5","name":"Trazada Desarrollo web","image":{"@type":"ImageObject","inLanguage":"es","@id":"https:\/\/secure.gravatar.com\/avatar\/d935574cdb9a07e324931665e188795d3fd82c2e32480fe40a908ad510b78011?s=96&d=mm&r=g","url":"https:\/\/secure.gravatar.com\/avatar\/d935574cdb9a07e324931665e188795d3fd82c2e32480fe40a908ad510b78011?s=96&d=mm&r=g","contentUrl":"https:\/\/secure.gravatar.com\/avatar\/d935574cdb9a07e324931665e188795d3fd82c2e32480fe40a908ad510b78011?s=96&d=mm&r=g","caption":"Trazada Desarrollo web"},"url":"https:\/\/avanzaevents.com\/es\/author\/trazada_desarrollo\/"}]}},"_links":{"self":[{"href":"https:\/\/avanzaevents.com\/es\/wp-json\/wp\/v2\/posts\/581","targetHints":{"allow":["GET"]}}],"collection":[{"href":"https:\/\/avanzaevents.com\/es\/wp-json\/wp\/v2\/posts"}],"about":[{"href":"https:\/\/avanzaevents.com\/es\/wp-json\/wp\/v2\/types\/post"}],"author":[{"embeddable":true,"href":"https:\/\/avanzaevents.com\/es\/wp-json\/wp\/v2\/users\/11"}],"replies":[{"embeddable":true,"href":"https:\/\/avanzaevents.com\/es\/wp-json\/wp\/v2\/comments?post=581"}],"version-history":[{"count":1,"href":"https:\/\/avanzaevents.com\/es\/wp-json\/wp\/v2\/posts\/581\/revisions"}],"predecessor-version":[{"id":23234,"href":"https:\/\/avanzaevents.com\/es\/wp-json\/wp\/v2\/posts\/581\/revisions\/23234"}],"wp:featuredmedia":[{"embeddable":true,"href":"https:\/\/avanzaevents.com\/es\/wp-json\/wp\/v2\/media\/1735"}],"wp:attachment":[{"href":"https:\/\/avanzaevents.com\/es\/wp-json\/wp\/v2\/media?parent=581"}],"wp:term":[{"taxonomy":"category","embeddable":true,"href":"https:\/\/avanzaevents.com\/es\/wp-json\/wp\/v2\/categories?post=581"},{"taxonomy":"post_tag","embeddable":true,"href":"https:\/\/avanzaevents.com\/es\/wp-json\/wp\/v2\/tags?post=581"}],"curies":[{"name":"wp","href":"https:\/\/api.w.org\/{rel}","templated":true}]}}